{"id":1024,"date":"2023-03-21T20:02:29","date_gmt":"2023-03-22T02:02:29","guid":{"rendered":"https:\/\/ciencianews.in\/?p=1024"},"modified":"2023-03-21T20:02:32","modified_gmt":"2023-03-22T02:02:32","slug":"alertan-de-cancer-bucal-en-hombres-jovenes","status":"publish","type":"post","link":"https:\/\/ciencianews.in\/index.php\/2023\/03\/21\/alertan-de-cancer-bucal-en-hombres-jovenes\/","title":{"rendered":"<strong>Alertan de c\u00e1ncer bucal en hombres j\u00f3venes<\/strong>"},"content":{"rendered":"\n<p><strong>Autor<br><\/strong>Direcci\u00f3n General de Comunicaci\u00f3n Social UNAM<br><strong>Fecha de publicaci\u00f3n<br><\/strong>17 de marzo 2023<br><strong>Categor\u00eda<br><\/strong>Bolet\u00edn<\/p>\n\n\n\n<p><em>\u2022 Los casos se relacionan con el virus del papiloma humano, se\u00f1ala Germ\u00e1n Villanueva S\u00e1nchez, en ocasi\u00f3n del D\u00eda Mundial de la Salud Bucodental, que se conmemora el 20 de marzo<\/em><em><br>\u2022 La ENES Le\u00f3n de la UNAM cuenta con un programa de detecci\u00f3n temprana, mediante el cual se revis\u00f3 a 230 pacientes en el \u00faltimo lustro.<\/em><\/p>\n\n\n\n<p>El perfil epidemiol\u00f3gico de los pacientes con c\u00e1ncer bucal est\u00e1 cambiando. Hace dos d\u00e9cadas se presentaba en hombres de edad avanzada -de 60 a 70 a\u00f1os- quienes hab\u00edan fumado y bebido por largo tiempo. Hoy es frecuente encontrar a j\u00f3venes de 18, 20 o 30 a\u00f1os con este padecimiento.<\/p>\n\n\n\n<p>Estos casos son un \u201cfoco rojo\u201d y est\u00e1n relacionados con el virus del papiloma humano (VPH), afirma el responsable de la Cl\u00ednica de Odontolog\u00eda de la Escuela Nacional de Estudios Superiores (ENES), Unidad Le\u00f3n, de la UNAM, Germ\u00e1n Villanueva S\u00e1nchez.<\/p>\n\n\n\n<p>Antes, las personas hab\u00edan fumado y bebido por 20 a\u00f1os o m\u00e1s. \u201cLas sustancias t\u00f3xicas del tabaco combinadas con el etanol -en cualquiera de sus presentaciones- hace una diluci\u00f3n directa que, en la cavidad bucal, incide sobre los n\u00facleos de las c\u00e9lulas, lo cual los hace inestables para que muten y hagan una neoplasia maligna o un c\u00e1ncer bucal\u201d.<\/p>\n\n\n\n<p>Sin embargo, los j\u00f3venes no podr\u00edan haberlo hecho a los cinco o 10 a\u00f1os. \u201cHemos visto que sus casos se vinculan con el VPH, por las relaciones orogenitales. Este es un c\u00e1ncer que, as\u00ed como afecta el c\u00e9rvix uterino en las mujeres, tambi\u00e9n da\u00f1a la cavidad bucal. El virus causante tiene afinidad por los epitelios y la dermis\u201d. Las lesiones en la boca son peque\u00f1os papilomas, verrugas y\/o condilomas parecidos a coliflores, explica el experto universitario con motivo del D\u00eda Mundial de la Salud Bucodental, que se conmemora el 20 de marzo.<\/p>\n\n\n\n<p>De acuerdo con el Observatorio Global del C\u00e1ncer, en los \u00faltimos cinco a\u00f1os se sumaron 656 mil 62 casos de c\u00e1ncer de labio y cavidad oral de varones en el mundo; en M\u00e9xico se contabilizaron mil 671, en ese mismo periodo.<\/p>\n\n\n\n<p>El experto en epidemiolog\u00eda de las patolog\u00edas del complejo bucal y maxilofacial refiere: actualmente se conocen m\u00e1s de 200 subtipos virales del VPH; el relacionado con el c\u00e1ncer de boca es el tipo 16, mientras el 18 se vincula al c\u00e1ncer en la faringe.<\/p>\n\n\n\n<p>\u201cNo quiere decir que una persona que tuvo una relaci\u00f3n sexual oral y que se infecta por VPH en cavidad oral va a desarrollar c\u00e1ncer de manera inmediata. Los individuos tenemos un sistema inmune que nos protege y si \u00e9ste es fuerte, en muchas ocasiones no hay lesiones.<\/p>\n\n\n\n<p>\u201cEn la medida en que se tengan esas pr\u00e1cticas con varias parejas, y se infecten varias veces, es mayor la posibilidad de desarrollarlo. A ello hay que sumar otros factores: si se fuma, toma o no se tiene buena alimentaci\u00f3n\u201d, detalla.<\/p>\n\n\n\n<p>La Organizaci\u00f3n Mundial de la Salud (OMS) define como lesiones premalignas de la cavidad oral a las leucoplasias y eritroplasias, m\u00e1culas o manchas de color blanco o muy rojo que pueden situarse en los bordes laterales de la lengua, manifiesta Villanueva S\u00e1nchez.<\/p>\n\n\n\n<p>\u201cLos dentistas, los odont\u00f3logos de pr\u00e1ctica general son nuestros ojos porque no puede haber pat\u00f3logos en todos lados. Si detectan estas manchas en los pacientes, deben ser evaluados por el especialista en patolog\u00eda bucal y, de ser necesario, hacerles biopsias, a fin de descartar que se tenga una lesi\u00f3n precancerosa o un c\u00e1ncer establecido\u201d, alerta.<\/p>\n\n\n\n<p>Al realizar una inspecci\u00f3n intraoral debe ser integral y no limitarse a los dientes, pues numerosas patolog\u00edas se encuentran en los tejidos blandos.<\/p>\n\n\n\n<h2 class=\"wp-block-heading\"><strong>Detecci\u00f3n temprana<\/strong><\/h2>\n\n\n\n<p>En la ENES Le\u00f3n se cuenta con un programa de detecci\u00f3n temprana de c\u00e1ncer oral, mediante el cual se busca identificar personas con lesiones en estadios incipientes, a fin de brindarles una mejor opci\u00f3n de tratamiento, que no sea mutilante, destaca Villanueva S\u00e1nchez.<\/p>\n\n\n\n<p>En los \u00faltimos cinco a\u00f1os revisaron a 230 personas, de ellas 40 tuvieron lesiones premalignas -28 leucoplasias y 12 eritroplasias- y 28 casos de c\u00e1ncer de c\u00e9lulas escamosas de la cavidad bucal en diferentes sitios anat\u00f3micos, 90 por ciento en el borde lateral de lengua.&nbsp;<\/p>\n\n\n\n<p>Al detectar un caso, se canaliza a hospitales con los cuales la Escuela tiene v\u00ednculos, como el Hospital Regional de Alta Especialidad del Baj\u00edo, donde son atendidas por onc\u00f3logos m\u00e9dicos y quir\u00fargicos.<\/p>\n\n\n\n<p>\u201cEn la ENES Le\u00f3n tenemos un laboratorio de patolog\u00eda con un sistema de gesti\u00f3n de calidad e ISO 9001:2015; les entregamos sus resultados en un periodo de ocho a 10 d\u00edas h\u00e1biles. Cuando van al hospital con sus laminillas los pat\u00f3logos corroboran los resultados y se inicia el protocolo oncol\u00f3gico\u201d, manifiesta Villanueva S\u00e1nchez.<\/p>\n\n\n\n<h2 class=\"wp-block-heading\"><strong>Prevenci\u00f3n<\/strong><\/h2>\n\n\n\n<p>El experto de la UNAM detalla que la OMS define como una adecuada salud bucal cuando no se tiene molestia, dolor ni alguna enfermedad periodontal.<\/p>\n\n\n\n<p>En M\u00e9xico y a nivel mundial las enfermedades dentales m\u00e1s frecuentes son la caries, 95 por ciento de la poblaci\u00f3n la presenta en diferentes niveles; seguidas de las periodontopat\u00edas o enfermedades periodontales, es decir, cuando hay inflamaci\u00f3n en los tejidos blandos o en los huesos maxilares (la enc\u00eda o tejidos m\u00e1s profundos). Estas patolog\u00edas son evolutivas.<\/p>\n\n\n\n<p>\u201cUn paciente puede iniciar con una inflamaci\u00f3n en la enc\u00eda y no limitarse ah\u00ed, con el paso del tiempo puede bajar hacia tejidos profundos, comprometer el hueso. Es cuando empiezan a tener esta sensaci\u00f3n de movimiento del diente con la lengua\u201d, expone.<\/p>\n\n\n\n<p>El doctor en Ciencias argumenta que grupos vulnerables como las personas con diabetes requieren mayor atenci\u00f3n, ya que al tener desequilibrios a nivel sist\u00e9mico de la glucosa, presentan mayor predisposici\u00f3n a la periodontitis, la gingivitis. \u201cLo vemos constantemente, son pacientes que pierden de una manera muy temprana sus \u00f3rganos dentales\u201d. Aunque se les puede colocar una pr\u00f3tesis total, suelen perder por completo la sensaci\u00f3n de los sabores y no masticar correctamente.<\/p>\n\n\n\n<p>Quienes tienen periodontopat\u00edas tambi\u00e9n padecen mayores compromisos cardiovasculares porque la cavidad oral est\u00e1 relacionada anat\u00f3micamente con el \u00e1rea card\u00edaca, del tronco, del pecho. \u201cPerfectamente puede viajar una infecci\u00f3n de la cavidad bucal hacia el coraz\u00f3n y originar una endocarditis bacteriana\u201d, remarca.<\/p>\n\n\n\n<p>Villanueva S\u00e1nchez recuerda que para tener una adecuada salud bucal se deben cepillar la boca y los dientes tres veces al d\u00eda, usar hilo dental y utilizar enjuagues bucales, que se diluyan en agua.<\/p>\n\n\n\n<p>Adem\u00e1s, fomentar la autoexploraci\u00f3n: que las personas revisen su cavidad y si se detectan algo sospechoso -una bola, una mancha-, acudir al odont\u00f3logo. Si se tiene alguna lesi\u00f3n o \u00falceras que no cicatriza en un per\u00edodo de 20 d\u00edas, hay que hacer una biopsia.<\/p>\n\n\n\n<p>Asimismo, acudir a profilaxis para que se retire el sarro, al menos cada seis meses. De igual forma, es aconsejable tomarse una radiograf\u00eda panor\u00e1mica cada a\u00f1o, pues a veces hay lesiones que se desarrollan de manera intra\u00f3sea y cl\u00ednicamente no son visibles, concluye el especialista.<br>&#8212;&#8212;&#8212;&#8212;&#8212;&#8212;&#8212;&#8212;&#8212;&#8212;&#8212;&#8212;&#8212;&#8212;&#8212;&#8212;&#8212;&#8212;&#8212;-<br>Contacto: <a href=\"mailto:samcarbajalreportera@gmail.com\">samcarbajalreportera@gmail.com<\/a><\/p>\n","protected":false},"excerpt":{"rendered":"<p>AutorDirecci\u00f3n General de Comunicaci\u00f3n Social UNAMFecha de publicaci\u00f3n17 de marzo 2023Categor\u00edaBolet\u00edn \u2022 Los casos se relacionan con el virus del papiloma humano, se\u00f1ala Germ\u00e1n Villanueva S\u00e1nchez, en ocasi\u00f3n del D\u00eda Mundial de la Salud Bucodental, que se conmemora el 20 de marzo\u2022 La ENES Le\u00f3n de la UNAM cuenta con un programa de detecci\u00f3n temprana, [&hellip;]<\/p>\n","protected":false},"author":2,"featured_media":0,"comment_status":"open","ping_status":"open","sticky":false,"template":"","format":"standard","meta":{"om_disable_all_campaigns":false,"_monsterinsights_skip_tracking":false,"_monsterinsights_sitenote_active":false,"_monsterinsights_sitenote_note":"","_monsterinsights_sitenote_category":0,"footnotes":""},"categories":[1],"tags":[],"class_list":["post-1024","post","type-post","status-publish","format-standard","hentry","category-noticia"],"aioseo_notices":[],"_links":{"self":[{"href":"https:\/\/ciencianews.in\/index.php\/wp-json\/wp\/v2\/posts\/1024","targetHints":{"allow":["GET"]}}],"collection":[{"href":"https:\/\/ciencianews.in\/index.php\/wp-json\/wp\/v2\/posts"}],"about":[{"href":"https:\/\/ciencianews.in\/index.php\/wp-json\/wp\/v2\/types\/post"}],"author":[{"embeddable":true,"href":"https:\/\/ciencianews.in\/index.php\/wp-json\/wp\/v2\/users\/2"}],"replies":[{"embeddable":true,"href":"https:\/\/ciencianews.in\/index.php\/wp-json\/wp\/v2\/comments?post=1024"}],"version-history":[{"count":1,"href":"https:\/\/ciencianews.in\/index.php\/wp-json\/wp\/v2\/posts\/1024\/revisions"}],"predecessor-version":[{"id":1025,"href":"https:\/\/ciencianews.in\/index.php\/wp-json\/wp\/v2\/posts\/1024\/revisions\/1025"}],"wp:attachment":[{"href":"https:\/\/ciencianews.in\/index.php\/wp-json\/wp\/v2\/media?parent=1024"}],"wp:term":[{"taxonomy":"category","embeddable":true,"href":"https:\/\/ciencianews.in\/index.php\/wp-json\/wp\/v2\/categories?post=1024"},{"taxonomy":"post_tag","embeddable":true,"href":"https:\/\/ciencianews.in\/index.php\/wp-json\/wp\/v2\/tags?post=1024"}],"curies":[{"name":"wp","href":"https:\/\/api.w.org\/{rel}","templated":true}]}}