{"id":1105,"date":"2023-05-02T21:52:47","date_gmt":"2023-05-03T02:52:47","guid":{"rendered":"https:\/\/ciencianews.in\/?p=1105"},"modified":"2023-05-02T21:52:48","modified_gmt":"2023-05-03T02:52:48","slug":"despierta-tu-vocacion-cientifica-en-la-feria-de-las-ciencias-la-tecnologia-y-la-innovacion","status":"publish","type":"post","link":"https:\/\/ciencianews.in\/index.php\/2023\/05\/02\/despierta-tu-vocacion-cientifica-en-la-feria-de-las-ciencias-la-tecnologia-y-la-innovacion\/","title":{"rendered":"Despierta tu vocaci\u00f3n cient\u00edfica en la \u201cFeria de las Ciencias, la Tecnolog\u00eda y la Innovaci\u00f3n\u201d"},"content":{"rendered":"\n<p><strong>Autor<br><\/strong>Direcci\u00f3n General de Comunicaci\u00f3n Social UNAM &nbsp;<br><strong>Fecha de publicaci\u00f3n<br><\/strong>28 de abril 2023<br><strong>Categor\u00eda<br><\/strong>Bolet\u00edn<\/p>\n\n\n\n<p><em>\u2022 Se trata de concientizar a los estudiantes de bachillerato sobre la importancia de la innovaci\u00f3n tecnol\u00f3gica: Leonardo Lomel\u00ed Vanegas<\/em><em><br>\u2022 El encuentro se realiza en el Centro de Exposiciones y Congresos UNAM, en Ciudad Universitaria.<\/em><\/p>\n\n\n\n<p>La tecnolog\u00eda es estimulante desde el punto de vista intelectual y puede tener un profundo impacto en la transformaci\u00f3n de las condiciones de vida de la sociedad, afirm\u00f3 el secretario General de la UNAM, Leonardo Lomel\u00ed Vanegas, al inaugurar la XXXI Edici\u00f3n del Concurso Universitario \u201cFeria de las Ciencias, la Tecnolog\u00eda y la Innovaci\u00f3n\u201d.<\/p>\n\n\n\n<p>A partir de 1991, record\u00f3, la Universidad ha llevado a cabo este encuentro que es, sin duda, una de las iniciativas m\u00e1s afortunadas que se han emprendido para conjuntar el impulso a las vocaciones cient\u00edficas, y concientizar a los estudiantes de bachillerato sobre la importancia de la innovaci\u00f3n tecnol\u00f3gica. Se trata de una de las actividades emblem\u00e1ticas de esta casa de estudios.<\/p>\n\n\n\n<p>Lomel\u00ed Vanegas mencion\u00f3 que ese espacio donde se encuentran los j\u00f3venes de los distintos sistemas del bachillerato, tambi\u00e9n es de convivencia entre los acad\u00e9micos, y resulta estimulante por las distintas \u00e1reas del conocimiento y la innovaci\u00f3n tecnol\u00f3gica en las cuales se encuentra estructurado el concurso.<\/p>\n\n\n\n<p>La Feria -que se realiza hoy y ma\u00f1ana s\u00e1bado 29, en el Centro de Exposiciones y Congresos UNAM, en Ciudad Universitaria- es una experiencia que marcar\u00e1 a los estudiantes participantes. \u201cLa aportaci\u00f3n de los docentes dejar\u00e1 huella en sus vocaciones y futuro profesional\u201d, coment\u00f3.<\/p>\n\n\n\n<p>Este encuentro permite fortalecer la vida acad\u00e9mica de la Universidad, su esencia misma, y es un espacio privilegiado para mostrar c\u00f3mo se complementan las tres funciones de nuestra instituci\u00f3n: docencia, investigaci\u00f3n y la difusi\u00f3n y extensi\u00f3n de la cultura y el conocimiento, enfatiz\u00f3.<\/p>\n\n\n\n<p>Al hacer uso de la palabra, el coordinador de Vinculaci\u00f3n y Transferencia Tecnol\u00f3gica, Jorge V\u00e1zquez Ramos, dej\u00f3 en claro que \u201cinventar es crear algo que no exist\u00eda, pero innovar implica que a partir de productos, servicios o conceptos conocidos se hagan mejoras o nuevos usos\u201d.<\/p>\n\n\n\n<p>Sugiri\u00f3 a los j\u00f3venes tomar en serio a la ciencia, sumergirse en ella y comprenderla, \u201cpara que la transformen en productos que pueden ser ben\u00e9ficos para la sociedad. Qu\u00e9 bueno que est\u00e1n en este concurso, que varios van a ganar y que varios de ustedes se van a dedicar a la ciencia. H\u00e1ganlo con vocaci\u00f3n y mejoren el destino de la sociedad; ese es su compromiso\u201d.<\/p>\n\n\n\n<p>A su vez, la directora general de Incorporaci\u00f3n y Revalidaci\u00f3n de Estudios, Manola Giral Lozano, recalc\u00f3 que la Feria es un ejemplo de trabajo en equipo, de c\u00f3mo la Universidad colabora a partir de distintos \u00e1ngulos para apoyar a los alumnos. Ustedes se atrevieron a salir de su zona de confort; dedicaron mucho de su tiempo a leer, sintetizar ideas, buscar datos que los apoyen y dise\u00f1ar un proyecto que pueda defenderlos.<\/p>\n\n\n\n<p>Hoy, dijo, la Universidad est\u00e1 de gala y ustedes son los invitados m\u00e1s importantes, donde expondr\u00e1n sus proyectos ante mentes con m\u00e1s experiencia y manejo del conocimiento de cada una de las \u00e1reas.<\/p>\n\n\n\n<p>Para algunos esta ser\u00e1 una vivencia del bachillerato y, para otros, el primer gafete de un evento cient\u00edfico al que acuden.<\/p>\n\n\n\n<p>\u201cQueremos estudiantes preparados en ciencias, con buenas bases, para poder innovar, crear, y seguir profundizando en el conocimiento; ustedes son una muestra de ello\u201d.<\/p>\n\n\n\n<p>En su oportunidad, el director general de la Escuela Nacional Colegio de Ciencias y Humanidades, Benjam\u00edn Barajas S\u00e1nchez, se\u00f1al\u00f3 que este concurso es un testimonio de trabajo colaborativo del bachillerato con diversas entidades de la UNAM y otras escuelas del nivel medio superior metropolitano. Su tarea ha sido ejemplar y probada en el tiempo, pues lleva m\u00e1s de 30 a\u00f1os de existencia y supera la participaci\u00f3n de 25 mil alumnos, cinco mil profesores y m\u00e1s de 800 proyectos de investigaci\u00f3n presentados.<\/p>\n\n\n\n<p>En esta nueva edici\u00f3n, primera despu\u00e9s de la pandemia, los alumnos participan en diferentes \u00e1reas del conocimiento: biolog\u00eda, ciencias de la salud, ciencias ambientales, qu\u00edmica, f\u00edsica, matem\u00e1ticas y rob\u00f3tica, en las modalidades de dise\u00f1o innovador, desarrollo tecnol\u00f3gico, as\u00ed como investigaci\u00f3n de campo, documental o experimental, detall\u00f3.<\/p>\n\n\n\n<p>Los j\u00f3venes han sido asesorados por profesores comprometidos con la formaci\u00f3n de sus estudiantes.<\/p>\n\n\n\n<p>\u201cA ellos les expresamos nuestra gratitud, as\u00ed como al trabajo del jurado calificador que seleccion\u00f3 los mejores proyectos\u201d.<\/p>\n\n\n\n<p>Mar\u00eda Dolores Valle Mart\u00ednez, directora general de la Escuela Nacional Preparatoria, manifest\u00f3 que la Feria promueve el encuentro juvenil con la ciencia y la tecnolog\u00eda, la creatividad, el ingenio y la innovaci\u00f3n, as\u00ed como el compromiso, la \u00e9tica y la responsabilidad para fortalecer la formaci\u00f3n integral de los estudiantes.<\/p>\n\n\n\n<p>Sentimos una gran admiraci\u00f3n y respeto por su participaci\u00f3n. Si bien recibir la distinci\u00f3n de una medalla o una menci\u00f3n honor\u00edfica es el mejor escenario, es importante que \u201cvaloren el significado de encontrarse hoy entre los finalistas, pues implica que han realizado un trabajo destacado\u201d.<\/p>\n\n\n\n<p>Esta edici\u00f3n del concurso reuni\u00f3 a m\u00e1s de mil 200 alumnos del mencionado nivel de estudios y un total de mil 519 participantes, incluidos asesores, jurados y comit\u00e9 organizador. \u201cEs un espacio caracterizado desde sus or\u00edgenes por el impulso a las vocaciones cient\u00edficas y tecnol\u00f3gicas\u201d, asever\u00f3 Valle Mart\u00ednez.<\/p>\n\n\n\n<p>Al acto asistieron tambi\u00e9n Alma Ang\u00e9lica Mart\u00ednez P\u00e9rez, coordinadora del Consejo Acad\u00e9mico del Bachillerato; Leonor Pinelo Baqueriza, fundadora del Concurso; Miguel Serrano Vizuet, coordinador general del Concurso; y Elaine Reynoso Haynes, en representaci\u00f3n del director general de Divulgaci\u00f3n de la Ciencia, C\u00e9sar Augusto Dom\u00ednguez P\u00e9rez-Tejada.<\/p>\n\n\n\n<p>&#8212;&#8212;&#8212;&#8212;&#8212;&#8212;&#8212;&#8212;&#8212;&#8212;&#8212;&#8212;&#8212;&#8212;&#8212;&#8212;&#8212;&#8212;&#8212;-<br>Contacto: <a href=\"mailto:samcarbajalreportera@gmail.com\">samcarbajalreportera@gmail.com<\/a><\/p>\n","protected":false},"excerpt":{"rendered":"<p>AutorDirecci\u00f3n General de Comunicaci\u00f3n Social UNAM &nbsp;Fecha de publicaci\u00f3n28 de abril 2023Categor\u00edaBolet\u00edn \u2022 Se trata de concientizar a los estudiantes de bachillerato sobre la importancia de la innovaci\u00f3n tecnol\u00f3gica: Leonardo Lomel\u00ed Vanegas\u2022 El encuentro se realiza en el Centro de Exposiciones y Congresos UNAM, en Ciudad Universitaria. La tecnolog\u00eda es estimulante desde el punto de [&hellip;]<\/p>\n","protected":false},"author":2,"featured_media":0,"comment_status":"open","ping_status":"open","sticky":false,"template":"","format":"standard","meta":{"om_disable_all_campaigns":false,"_monsterinsights_skip_tracking":false,"_monsterinsights_sitenote_active":false,"_monsterinsights_sitenote_note":"","_monsterinsights_sitenote_category":0,"footnotes":""},"categories":[1],"tags":[],"class_list":["post-1105","post","type-post","status-publish","format-standard","hentry","category-noticia"],"aioseo_notices":[],"_links":{"self":[{"href":"https:\/\/ciencianews.in\/index.php\/wp-json\/wp\/v2\/posts\/1105","targetHints":{"allow":["GET"]}}],"collection":[{"href":"https:\/\/ciencianews.in\/index.php\/wp-json\/wp\/v2\/posts"}],"about":[{"href":"https:\/\/ciencianews.in\/index.php\/wp-json\/wp\/v2\/types\/post"}],"author":[{"embeddable":true,"href":"https:\/\/ciencianews.in\/index.php\/wp-json\/wp\/v2\/users\/2"}],"replies":[{"embeddable":true,"href":"https:\/\/ciencianews.in\/index.php\/wp-json\/wp\/v2\/comments?post=1105"}],"version-history":[{"count":1,"href":"https:\/\/ciencianews.in\/index.php\/wp-json\/wp\/v2\/posts\/1105\/revisions"}],"predecessor-version":[{"id":1106,"href":"https:\/\/ciencianews.in\/index.php\/wp-json\/wp\/v2\/posts\/1105\/revisions\/1106"}],"wp:attachment":[{"href":"https:\/\/ciencianews.in\/index.php\/wp-json\/wp\/v2\/media?parent=1105"}],"wp:term":[{"taxonomy":"category","embeddable":true,"href":"https:\/\/ciencianews.in\/index.php\/wp-json\/wp\/v2\/categories?post=1105"},{"taxonomy":"post_tag","embeddable":true,"href":"https:\/\/ciencianews.in\/index.php\/wp-json\/wp\/v2\/tags?post=1105"}],"curies":[{"name":"wp","href":"https:\/\/api.w.org\/{rel}","templated":true}]}}