{"id":1107,"date":"2023-05-04T14:00:00","date_gmt":"2023-05-04T19:00:00","guid":{"rendered":"https:\/\/ciencianews.in\/?p=1107"},"modified":"2023-05-04T01:28:04","modified_gmt":"2023-05-04T06:28:04","slug":"la-agencia-espacial-mexicana-la-universidad-panamericana-la-unam-y-otras-universidades-presentaron-ante-la-nasa-la-primera-fase-del-concepto-de-mision-del-proyecto-aztesat-ii","status":"publish","type":"post","link":"https:\/\/ciencianews.in\/index.php\/2023\/05\/04\/la-agencia-espacial-mexicana-la-universidad-panamericana-la-unam-y-otras-universidades-presentaron-ante-la-nasa-la-primera-fase-del-concepto-de-mision-del-proyecto-aztesat-ii\/","title":{"rendered":"La Agencia Espacial Mexicana, La Universidad Panamericana, La UNAM y otras universidades presentaron ante la NASA la primera fase del concepto de misi\u00f3n del Proyecto Aztesat II"},"content":{"rendered":"\n<p><strong>Ciudad de M\u00e9xico, 28 de abril de 2023.- <\/strong>El proyecto \u201cConstelaci\u00f3n AztechSat\u201d, es resultado<\/p>\n\n\n\n<p>de la colaboraci\u00f3n de cinco universidades mexicanas con la Agencia Espacial Mexicana (AEM) y con la Agencia Espacial Estadounidense (NASA, por sus siglas en ingl\u00e9s), y el d\u00eda de hoy han completado su primera fase de dise\u00f1o conocida como Revisi\u00f3n del Concepto de la Misi\u00f3n (MCR, por sus siglas en ingl\u00e9s).<\/p>\n\n\n\n<p>As\u00ed lo informaron de manera conjunta la AEM, organismo descentralizado de la Secretar\u00eda de Infraestructura, Comunicaciones y Transportes (SICT); la Universidad Nacional Aut\u00f3noma de M\u00e9xico (UNAM); la Universidad Aeron\u00e1utica en Quer\u00e9taro (UNAQ); la Universidad Panamericana (UP); la Universidad Popular Aut\u00f3noma del Estado de Puebla (UPAEP); y la Universidad Polit\u00e9cnica de Quer\u00e9taro (UPQ).<\/p>\n\n\n\n<p>El anuncio se realiz\u00f3 en el evento denominado \u201cConstelaci\u00f3n AztechSat -MCR\u201d, efectuado en el marco de la FAMEX 2023 en el cual Salvador Landeros Ayala, Director General de la AEM, felicit\u00f3 ampliamente a las universidades participantes y al personal mismo de la AEM.<\/p>\n\n\n\n<p>\u201cEstamos muy entusiasmados por este primer logro en el avance del proyecto y es gran motivo<\/p>\n\n\n\n<p>de orgullo que el talento mexicano haya podido desarrollar los primeros conceptos tecnol\u00f3gicos que el d\u00eda de ma\u00f1ana le dar\u00e1n forma a los prototipos de nanosat\u00e9lites que nos permitir\u00e1n monitorear y cuidar a la fauna marina en las costas de M\u00e9xico y Estados Unidos de<\/p>\n\n\n\n<p>Norteam\u00e9rica\u201d, expres\u00f3.<\/p>\n\n\n\n<p>En su mensaje, la subdirectora de la Facultad de Ingenier\u00eda, de la Universidad Panamericana, la Dra. Margarita Hurtado Hern\u00e1ndez, se\u00f1al\u00f3 que: \u00abpara la Panamericana ha sido muy valioso avanzar en esta primera fase del proyecto AztechSat II. Este proyecto se alinea a los objetivos de nuestro Laboratorio Espacial Colibr\u00ed, ya que nos permite promover la educaci\u00f3n y la investigaci\u00f3n multidisciplinaria y contribuir a la soluci\u00f3n de problemas globales mediante el desarrollo de tecnolog\u00eda espacial. Ha sido muy enriquecedor trabajar con otras Instituciones Educativas e Instituciones Gubernamentales. Este tipo de proyectos son indispensables para impulsar la innovaci\u00f3n y el desarrollo del sector espacial en M\u00e9xico y estamos muy contentos de formar parte de \u00e9l.\u00bb<\/p>\n\n\n\n<p>En su presentaci\u00f3n, el Dr. \u00c1ngel Garc\u00eda, coordinador del proyecto, por parte de la Panamericana, se\u00f1al\u00f3 que la constelaci\u00f3n AztechSat dise\u00f1ar\u00e1 cuatro nanosat\u00e9lites en M\u00e9xico que permitan localizar fauna marina, mam\u00edferos grandes. Los expertos y alumnos que participan en el laboratorio de Misi\u00f3n Colibr\u00ed, de nuestra universidad se encargar\u00e1n, en este proyecto, de la evaluaci\u00f3n e identificaci\u00f3n de riesgos t\u00e9cnicos (de electr\u00f3nica, de lanzamiento, de integraci\u00f3n, sistemas t\u00e9rmicos, etc.).\u201d<\/p>\n\n\n\n<p>Por su parte, el Dr. Jos\u00e9 Francisco Vald\u00e9s Galicia, coordinador del Programa Espacial Universitario de la UNAM, destac\u00f3 la importancia del desarrollo de habilidades en materia de Ciencia y Tecnolog\u00eda Espacial en las universidades nacionales.<\/p>\n\n\n\n<p>\u201cEs importante haber completado el primer hito t\u00e9cnico del proyecto, en el cual se consolid\u00f3 la ruta a seguir y se prob\u00f3 la efectiva colaboraci\u00f3n de todas las instituciones. Tambi\u00e9n nos dio la oportunidad de incorporar a j\u00f3venes universitarios para que cultiven su talento en el \u00e1rea de la Ciencia y Tecnolog\u00eda Espacial, y el d\u00eda de ma\u00f1ana sean los que desarrollen la tecnolog\u00eda espacial de M\u00e9xico. Todav\u00eda hay mucho trabajo por delante, pero confiamos en las capacidades y liderazgo de nuestras instituciones, as\u00ed como en todo el personal que las integra, para concretar est\u00e1 misi\u00f3n exitosamente\u201d, expres\u00f3.<\/p>\n\n\n\n<p>En su momento, el Dr. Enrique Gerardo Sosa Guti\u00e9rrez Rector de la UNAQ (Universidad Aeron\u00e1utica en Quer\u00e9taro) coment\u00f3: \u201cEste proyecto no solo impacta en el desarrollo tecnol\u00f3gico del pa\u00eds, tambi\u00e9n tiene un impacto importante en la formaci\u00f3n de profesionistas tanto de nivel de TSU, Licenciatura y Posgrado ya que se consolida el desarrollo de habilidades y conocimientos t\u00e9cnico-cient\u00edficos en el sector aeroespacial\u201d.<\/p>\n\n\n\n<p>Adicionalmente, el vicerrector de Investigaci\u00f3n de UPAEP y Director General del proyecto, Eugenio Urrutia Albisua, se\u00f1al\u00f3 tambi\u00e9n que: \u201ceste proyecto, adem\u00e1s de su contribuci\u00f3n tecnol\u00f3gica inherente, permitir\u00e1 demostrar que el trabajo conjunto de instituciones mexicanas puede afrontar de manera eficiente los retos de M\u00e9xico en este campo y en cualquier otro\u201d.<\/p>\n\n\n\n<p>A su vez, por parte de la UPQ, su rector, Carlos Antonio Contreras L\u00f3pez, felicit\u00f3 las acciones y liderazgos de la AEM y la NASA que como resultado permitieron la colaboraci\u00f3n de universidades mexicanas en este proyecto; un claro ejemplo de la capacidad y talento con el que se cuenta en las diversas universidades del pa\u00eds, sin duda, una repercusi\u00f3n positiva en cuanto a investigaci\u00f3n y desarrollo tecnol\u00f3gico, por referir alguno de los beneficios que vamos a obtener con el desarrollo de este gran proyecto. \u00a1Un gran orgullo que Quer\u00e9taro, a trav\u00e9s de sus universidades, pase al siguiente nivel con este tipo de colaboraciones!\u201d.<\/p>\n\n\n\n<p>La NASA, a trav\u00e9s de su Ejecutivo de Programas Espaciales de la Divisi\u00f3n de Sistemas Avanzados de Exploraci\u00f3n, Andr\u00e9s Mart\u00ednez, quien coordinar\u00e1 este proyecto de duraci\u00f3n estimada de tres a\u00f1os por parte de dicha agencia estadounidense, reconoci\u00f3 ampliamente a M\u00e9xico y su juventud.<\/p>\n\n\n\n<p>\u201cEste es un segundo paso para el proyecto AztechSat, pero un gran paso para M\u00e9xico por el talento, dedicaci\u00f3n, ingenio y compromiso de su juventud, lo que estoy seguro se repetir\u00e1 con esta nueva generaci\u00f3n de sat\u00e9lites, pues se desarrollar\u00e1 tecnolog\u00eda que a\u00fan no existe, y derivados de esta tecnolog\u00eda se aplicar\u00e1n en el futuro pr\u00f3ximo para la exploraci\u00f3n espacial de la luna en el proyecto Artemis\u201d, explic\u00f3 Mart\u00ednez.<\/p>\n\n\n\n<p>El General, Javier Sandoval, coordinador de la FAMEX 2023 y anfitri\u00f3n del evento, dijo que: \u201cEs muy importante para la FAMEX ser sede de este memorable avance, gracias al talento de nuestra gente y a la diversificaci\u00f3n industrial que aqu\u00ed se ha impulsado, trabajando en el desarrollo del sector aeroespacial con estas actividades que han motivado a nuestra juventud.<\/p>\n\n\n\n<p>Por parte de la SEDENA les deseo el mayor de los \u00e9xitos en este proyecto\u201d, expres\u00f3, concluyendo el encuentro.<br>&#8212;&#8212;&#8212;&#8212;&#8212;&#8212;&#8212;&#8212;&#8212;&#8212;&#8212;&#8212;&#8212;&#8212;&#8212;&#8212;&#8212;&#8212;&#8212;<br>Contacto: <a href=\"mailto:samcarbajalreportera@gmail.com\">samcarbajalreportera@gmail.com<\/a><\/p>\n","protected":false},"excerpt":{"rendered":"<p>Ciudad de M\u00e9xico, 28 de abril de 2023.- El proyecto \u201cConstelaci\u00f3n AztechSat\u201d, es resultado de la colaboraci\u00f3n de cinco universidades mexicanas con la Agencia Espacial Mexicana (AEM) y con la Agencia Espacial Estadounidense (NASA, por sus siglas en ingl\u00e9s), y el d\u00eda de hoy han completado su primera fase de dise\u00f1o conocida como Revisi\u00f3n del [&hellip;]<\/p>\n","protected":false},"author":2,"featured_media":0,"comment_status":"open","ping_status":"open","sticky":false,"template":"","format":"standard","meta":{"om_disable_all_campaigns":false,"_monsterinsights_skip_tracking":false,"_monsterinsights_sitenote_active":false,"_monsterinsights_sitenote_note":"","_monsterinsights_sitenote_category":0,"footnotes":""},"categories":[1],"tags":[],"class_list":["post-1107","post","type-post","status-publish","format-standard","hentry","category-noticia"],"aioseo_notices":[],"_links":{"self":[{"href":"https:\/\/ciencianews.in\/index.php\/wp-json\/wp\/v2\/posts\/1107","targetHints":{"allow":["GET"]}}],"collection":[{"href":"https:\/\/ciencianews.in\/index.php\/wp-json\/wp\/v2\/posts"}],"about":[{"href":"https:\/\/ciencianews.in\/index.php\/wp-json\/wp\/v2\/types\/post"}],"author":[{"embeddable":true,"href":"https:\/\/ciencianews.in\/index.php\/wp-json\/wp\/v2\/users\/2"}],"replies":[{"embeddable":true,"href":"https:\/\/ciencianews.in\/index.php\/wp-json\/wp\/v2\/comments?post=1107"}],"version-history":[{"count":1,"href":"https:\/\/ciencianews.in\/index.php\/wp-json\/wp\/v2\/posts\/1107\/revisions"}],"predecessor-version":[{"id":1108,"href":"https:\/\/ciencianews.in\/index.php\/wp-json\/wp\/v2\/posts\/1107\/revisions\/1108"}],"wp:attachment":[{"href":"https:\/\/ciencianews.in\/index.php\/wp-json\/wp\/v2\/media?parent=1107"}],"wp:term":[{"taxonomy":"category","embeddable":true,"href":"https:\/\/ciencianews.in\/index.php\/wp-json\/wp\/v2\/categories?post=1107"},{"taxonomy":"post_tag","embeddable":true,"href":"https:\/\/ciencianews.in\/index.php\/wp-json\/wp\/v2\/tags?post=1107"}],"curies":[{"name":"wp","href":"https:\/\/api.w.org\/{rel}","templated":true}]}}