{"id":1130,"date":"2023-05-18T20:43:21","date_gmt":"2023-05-19T01:43:21","guid":{"rendered":"https:\/\/ciencianews.in\/?p=1130"},"modified":"2023-05-18T20:43:22","modified_gmt":"2023-05-19T01:43:22","slug":"la-panamericana-la-academia-mexicana-de-la-comunicacion-y-la-unam-organizaron-el-seminario-los-derechos-personales-violencia-y-otras-conductas-indeseables-en-internet-y-las-redes-sociales","status":"publish","type":"post","link":"https:\/\/ciencianews.in\/index.php\/2023\/05\/18\/la-panamericana-la-academia-mexicana-de-la-comunicacion-y-la-unam-organizaron-el-seminario-los-derechos-personales-violencia-y-otras-conductas-indeseables-en-internet-y-las-redes-sociales\/","title":{"rendered":"La Panamericana, la Academia Mexicana de la Comunicaci\u00f3n y la UNAM organizaron el seminario \u201cLos Derechos Personales, Violencia y otras Conductas Indeseables en Internet y las Redes Sociales\u201d"},"content":{"rendered":"\n<p><strong>Ciudad de M\u00e9xico, 4 de mayo de 2023.-<\/strong> \u201cLa nueva plaza p\u00fablica est\u00e1 en el ciberespacio donde el debate enriquece a la democracia pero al mismo tiempo la amenaza con discursos de odio, con violencia de g\u00e9nero y acoso a grupos en situaciones vulnerables\u201d, as\u00ed lo coment\u00f3 Clara Luz \u00c1lvarez, investigadora de esta casa de estudios al participar en el Seminario los Derechos personales, violencia y otras conductas indeseables en Internet y las redes sociales, organizado por la Universidad Panamericana, la Universidad Nacional Aut\u00f3noma de M\u00e9xico y la Academia Mexicana de la Comunicaci\u00f3n, en esta segunda jornada se llevaron a cabo las siguientes mesas:<\/p>\n\n\n\n<p>I.- Violencia de g\u00e9nero, acoso o bullying en Internet y las redes sociales. Moderadora, Claudia de Buen Unna.<\/p>\n\n\n\n<p>En su participaci\u00f3n, Laura Coronado Contreras, se\u00f1al\u00f3 que \u201cel ciberacoso es una pr\u00e1ctica que no se debe de normalizar, es una conducta que es repetitiva, que vulnera la v\u00edctima las 24 horas del d\u00eda los siete d\u00edas de la semana y que existe un marco jur\u00eddico para evitarlo, pero sobre todo debemos de tener medidas de prevenci\u00f3n; es decir, tener un uso sano de las redes sociales, tener una comunicaci\u00f3n asertiva y que las redes trabajen para nosotros y no, nosotros para ellas\u201d.<\/p>\n\n\n\n<p>En su momento, Alejandra L\u00f3pez Mart\u00ednez coment\u00f3: \u201cTenemos un gran reto hacia adelante para generar igualdad sustantiva, de eliminar la violencia pol\u00edtica de g\u00e9nero y sobre todo, esta agresi\u00f3n pol\u00edtica que se da en las redes sociales; porque que el perpetrador generalmente es an\u00f3nimo y puede esconderse en un lugar sin ley. Entonces, no solamente como sociedad, sino como como autoridades, tenemos que regularlo y dar acceso a las mujeres a sus derechos pol\u00edticos electorales\u201d.<\/p>\n\n\n\n<p>Por su parte, Erika P\u00e9rez Dom\u00ednguez, manifest\u00f3 que \u201cla mirada feminista posibilita entender mejor la violencia de g\u00e9nero; porque es una violencia que no ocurre despojada de una estructura de relaciones de desigualdad y bueno que para entenderla y transformarla necesitamos acercarnos a entenderla en su contexto\u201d.<\/p>\n\n\n\n<p>Claudia del Buen agreg\u00f3 que \u201cno podemos impedir que haya violencia de g\u00e9nero por el momento, pero si tenemos que reaccionar ante la violencia de g\u00e9nero de diferentes maneras, denunci\u00e1ndola es la m\u00e1s importante, pero tambi\u00e9n haciendo conciencia en los alumnos, en las nuevas generaciones, de que esto es algo que no debes pasar por alto y de que puede terminar con la profesi\u00f3n, con la vida de una persona\u201d.<\/p>\n\n\n\n<p>II.- Discurso de odio y polarizaci\u00f3n en Internet y redes sociales. Moderador. Iv\u00e1n Aldechi Pe\u00f1a Estrada.<\/p>\n\n\n\n<p>Al hacer uso de la palabra, Fernando Ignacio Guti\u00e9rrez Cortes resalt\u00f3 \u201cla necesidad de educar en lo que respecta al ambiente desarrollado a la tecnolog\u00eda digital para poder sacar mayor provecho de las nuevas herramientas, pues si no, podemos ser v\u00edctimas y rehenes de los sistemas y quienes est\u00e1n detr\u00e1s de ellos (los algoritmos), ya hemos visto algunas repercusiones negativas (ejemplo las elecciones)\u201d.<\/p>\n\n\n\n<p>Eduardo Higuera ejemplific\u00f3 la vulnerabilidad de las personas, analiz\u00f3 el concierto de la cantante Rihanna y lo que enfrent\u00f3 despu\u00e9s con su espect\u00e1culo en el Super Bowl, y se\u00f1al\u00f3 \u201cesta vulnerabilidad que tenemos todos, especialmente en las redes sociales, no importa si eres una artista o una persona normal, todo se maximiza y puede verse a favor o en contra, a pesar del \u00e9xito que puedas tener. Por eso hablamos del impacto positivo y de las cr\u00edticas que tuvo\u201d.<\/p>\n\n\n\n<p>Marimar Arg\u00fcelles del laboratorio de Odio y concordia del Seminario de Violencia y Paz del COLMEX, expuso un marco conceptual \u201cque permita definir claramente lo que es la polarizaci\u00f3n de tipo pol\u00edtico, social y aguda; los discursos de odio, y de alguna, manera encontrar el matiz de cada uno, con la finalidad de detectarlos en redes sociales, analizarlos y ver la penetraci\u00f3n que tienen, no s\u00f3lo en el mundo virtual, sino, en nuestra sociedad y en todos los \u00e1mbitos que la conforman\u201d.<\/p>\n\n\n\n<p>En su ponencia, Jos\u00e9&nbsp;Guillermo Silva&nbsp;Aguilar, coordinador del Programa Universitario de Derechos Humanos de la UNAM, hizo hincapi\u00e9 en que \u201cExiste una normalizaci\u00f3n de los discursos de odio y discurso polarizante y de c\u00f3mo estamos acostumbr\u00e1ndonos a ello de manera cotidiana. Todo esto, lo reproducimos en nuestros universos m\u00e1s inmediatos, en los chats, en las redes sociales, lo que ocasiona que empecemos a normalizarlo y a la par normalizamos, m\u00e1s all\u00e1 que otras cosas, la generaci\u00f3n de violencia, lo que propicia la violaci\u00f3n a los derechos humanos\u201d.<\/p>\n\n\n\n<p>III.- Riesgos y oportunidades de los algoritmos e inteligencias artificiales. Moderadora: Clara Luz \u00c1lvarez.<\/p>\n\n\n\n<p>En su intervenci\u00f3n, Grecia Mac\u00edas, de la Red de en defensa de los derechos digitales, manifest\u00f3 que \u201ces necesario desmitificar el uso y concepto de inteligencia artificial, no es tan inteligente, ni tan artificial, pues hay un humano detr\u00e1s; hay sesgos que se replican a trav\u00e9s de estos sistemas automatizados y es un problema hoy que se debe atender, pues ya afectan los derechos humanos\u201d.<\/p>\n\n\n\n<p>En su momento, Julio Cesar Bonilla Guti\u00e9rrez, Comisionado Ciudadano del INFO CDMX, resalt\u00f3 la importancia de \u201cvisualizar la relevancia que tiene la protecci\u00f3n de los datos personales, la autodeterminaci\u00f3n informativa, la privacidad de las personas y naturalmente la dignidad frente a los retos del siglo XXI\u201d.<\/p>\n\n\n\n<p>Posteriormente, Mart\u00edn Zumaya de Tlatelolco Lab, explic\u00f3 que \u201cla idea principal alrededor de los algoritmos y de la inteligencia artificial es hacerla m\u00e1s cercana a lo que vivimos todos los d\u00edas, aprender a vivir con ellas, quitarles ese velo de misticismo, conocer sus alcances, de qu\u00e9 manera impactan nuestras vidas, y con ellos ser m\u00e1s cr\u00edticos y responsables de las herramientas que usamos\u201d.<\/p>\n\n\n\n<p>Jos\u00e9 Luis L\u00f3pez Aguirre, profesor investigador de la UP, enfatiz\u00f3 que \u201cuno de los riesgos fundamentales que plantean los algoritmos a la sociedad es el establecimiento de una serie de filtros donde a trav\u00e9s de ciertos sesgos a un reforzamiento ideol\u00f3gico que inhibe el di\u00e1logo y que anima la polarizaci\u00f3n y el desencuentro ciudadano, adem\u00e1s habr\u00eda que destacar que los ciudadanos necesitamos de nuevas capacidades cr\u00edticas de consumo de informaci\u00f3n y nuevas competencia para enfrentar el fen\u00f3meno de desinformaci\u00f3n que promueven estos algoritmos a trav\u00e9s de una serie de normas de verificaci\u00f3n de la informaci\u00f3n\u201d.<br>&#8212;&#8212;&#8212;&#8212;&#8212;&#8212;&#8212;&#8212;&#8212;&#8212;&#8212;&#8212;&#8212;&#8212;&#8212;&#8212;&#8212;&#8212;&#8212;-<br>Contacto: <a href=\"mailto:samcarbajalreportera@gmail.com\">samcarbajalreportera@gmail.com<\/a><\/p>\n","protected":false},"excerpt":{"rendered":"<p>Ciudad de M\u00e9xico, 4 de mayo de 2023.- \u201cLa nueva plaza p\u00fablica est\u00e1 en el ciberespacio donde el debate enriquece a la democracia pero al mismo tiempo la amenaza con discursos de odio, con violencia de g\u00e9nero y acoso a grupos en situaciones vulnerables\u201d, as\u00ed lo coment\u00f3 Clara Luz \u00c1lvarez, investigadora de esta casa de [&hellip;]<\/p>\n","protected":false},"author":2,"featured_media":0,"comment_status":"open","ping_status":"open","sticky":false,"template":"","format":"standard","meta":{"om_disable_all_campaigns":false,"_monsterinsights_skip_tracking":false,"_monsterinsights_sitenote_active":false,"_monsterinsights_sitenote_note":"","_monsterinsights_sitenote_category":0,"footnotes":""},"categories":[1],"tags":[],"class_list":["post-1130","post","type-post","status-publish","format-standard","hentry","category-noticia"],"aioseo_notices":[],"_links":{"self":[{"href":"https:\/\/ciencianews.in\/index.php\/wp-json\/wp\/v2\/posts\/1130","targetHints":{"allow":["GET"]}}],"collection":[{"href":"https:\/\/ciencianews.in\/index.php\/wp-json\/wp\/v2\/posts"}],"about":[{"href":"https:\/\/ciencianews.in\/index.php\/wp-json\/wp\/v2\/types\/post"}],"author":[{"embeddable":true,"href":"https:\/\/ciencianews.in\/index.php\/wp-json\/wp\/v2\/users\/2"}],"replies":[{"embeddable":true,"href":"https:\/\/ciencianews.in\/index.php\/wp-json\/wp\/v2\/comments?post=1130"}],"version-history":[{"count":1,"href":"https:\/\/ciencianews.in\/index.php\/wp-json\/wp\/v2\/posts\/1130\/revisions"}],"predecessor-version":[{"id":1131,"href":"https:\/\/ciencianews.in\/index.php\/wp-json\/wp\/v2\/posts\/1130\/revisions\/1131"}],"wp:attachment":[{"href":"https:\/\/ciencianews.in\/index.php\/wp-json\/wp\/v2\/media?parent=1130"}],"wp:term":[{"taxonomy":"category","embeddable":true,"href":"https:\/\/ciencianews.in\/index.php\/wp-json\/wp\/v2\/categories?post=1130"},{"taxonomy":"post_tag","embeddable":true,"href":"https:\/\/ciencianews.in\/index.php\/wp-json\/wp\/v2\/tags?post=1130"}],"curies":[{"name":"wp","href":"https:\/\/api.w.org\/{rel}","templated":true}]}}