{"id":1152,"date":"2023-05-30T16:51:15","date_gmt":"2023-05-30T21:51:15","guid":{"rendered":"https:\/\/ciencianews.in\/?p=1152"},"modified":"2023-05-30T16:51:16","modified_gmt":"2023-05-30T21:51:16","slug":"de-la-forma-en-que-utilicemos-la-inteligencia-artificial-dependeran-los-resultados","status":"publish","type":"post","link":"https:\/\/ciencianews.in\/index.php\/2023\/05\/30\/de-la-forma-en-que-utilicemos-la-inteligencia-artificial-dependeran-los-resultados\/","title":{"rendered":"De la forma en que utilicemos la inteligencia artificial depender\u00e1n los resultados"},"content":{"rendered":"\n<p><strong>Autor<br><\/strong>Direcci\u00f3n General de Comunicaci\u00f3n Social UNAM&nbsp;<br><strong>Fecha de publicaci\u00f3n<br><\/strong>28 de mayo 2023<br><strong>Categor\u00eda<br><\/strong>Bolet\u00edn<\/p>\n\n\n\n<p>El uso de la inteligencia artificial (IA) es un riesgo, pero tambi\u00e9n tiene gran potencial para generar el bien com\u00fan y mejorar la calidad de vida de las personas, as\u00ed como para contribuir a resolver problemas p\u00fablicos de manera m\u00e1s efectiva, consideraron los participantes en el conversatorio La inteligencia artificial: \u00bfsoluci\u00f3n o peligro para las ciudades del futuro?<\/p>\n\n\n\n<p>Sin embargo, precisaron, se requiere trabajar en el establecimiento del marco jur\u00eddico para instituir l\u00edmites y tendencias hacia d\u00f3nde queremos que vaya esta tecnolog\u00eda.<\/p>\n\n\n\n<p>En el encuentro organizado conjuntamente por el Instituto de Investigaciones Jur\u00eddicas (IIJ) de la UNAM y el Centro-i, Alejandro Frank Hoeflich y Marco Antonio Rosas Pulido, investigadores del Centro de Ciencias de la Complejidad (C3) de la Universidad Nacional; Paola Cicero Arenas, del Instituto Federal de Telecomunicaciones; y Dinorah Cant\u00fa-Pedraza, Senior Fellow de The GovLab, indicaron que la tecnolog\u00eda no es buena ni mala, ya que los resultados depender\u00e1n de la utilizaci\u00f3n que se haga de ella.<\/p>\n\n\n\n<p>En el evento, el acad\u00e9mico y jurista Pedro Salazar Ugarte plante\u00f3 que se trata de un tema que merece la pena subrayar. En los tiempos actuales observamos algunas tecnolog\u00edas con apremio; en este caso, existen sinergias venturosas, prometedoras y positivas en todos los cambios y transformaciones que conllevan.<\/p>\n\n\n\n<p>Explic\u00f3 que este conversatorio tiene su origen en el convenio de colaboraci\u00f3n que signaron el IIJ de la UNAM y el Centro-i, y se relaciona con una serie de esfuerzos para ir a la vanguardia en estos temas; sin embargo, las transformaciones y la velocidad de los cambios tecnol\u00f3gicos invitan a pensar que esta evoluci\u00f3n estableci\u00f3 una agenda, la cual se ha salido de nuestro control, para bien y para mal.<\/p>\n\n\n\n<p>Al hacer uso de la palabra, Frank Hoeflich destac\u00f3 que en los \u00faltimos meses los alcances de la IA y hacia d\u00f3nde nos puede conducir es un tema que ha despertado especulaci\u00f3n, curiosidad y miedo.<\/p>\n\n\n\n<p>\u201cComo cient\u00edfico creo que es importante enfatizar en todas las \u00e1reas el significado de lo que los algoritmos significan y hasta d\u00f3nde la jurisprudencia podr\u00eda intervenir para poner l\u00edmites o no a este desarrollo, aunque esto podr\u00eda no tener \u00e9xito porque es imposible ponernos de acuerdo entre pa\u00edses e intereses\u201d.<\/p>\n\n\n\n<p>Todo avance tecnol\u00f3gico representa responsabilidad, \u201clos beneficios y peligros est\u00e1n ah\u00ed; la participaci\u00f3n de la multidisciplina es fundamental, no solo entre la academia, desde luego, sino con el gobierno y el sector privado tenemos que dar seguimiento a esta situaci\u00f3n. Este tipo de encuentros es positivo, pero no tienen trascendencia si no se les da seguimiento\u201d, asever\u00f3.<\/p>\n\n\n\n<p>A su vez, Rosas Pulido indic\u00f3 que los beneficios o perjuicios de la tecnolog\u00eda dependen de su utilizaci\u00f3n, es una herramienta \u00fatil que permite agilizar tareas, pero tambi\u00e9n podr\u00eda ser negativa como en el caso de la explotaci\u00f3n de los recursos naturales donde facilita que algunos procesos sean m\u00e1s eficientes, como la deforestaci\u00f3n de una selva entera en minutos.<\/p>\n\n\n\n<p>Ante ello, se debe mejorar jur\u00eddicamente las reglas para que no se le emplee de esa manera para tratar de conservar los medios de explotaci\u00f3n de recursos originales de la regi\u00f3n, a fin de que sean aprovechados de manera m\u00e1s eficiente. \u201cHay que trabajar mucho en el marco jur\u00eddico para poner l\u00edmites y establecer las tendencias hacia d\u00f3nde queremos que vaya esto\u201d.<\/p>\n\n\n\n<p>A distancia, Cant\u00fa-Pedraza estim\u00f3 que la IA representa un riesgo, pero tambi\u00e9n tiene un gran potencial para generar un bien com\u00fan y mejorar la calidad de vida de la ciudadan\u00eda, adem\u00e1s de contribuir a resolver problemas p\u00fablicos de una forma m\u00e1s efectiva.<\/p>\n\n\n\n<p>Precis\u00f3 que es adecuada mientras existan grandes bases de datos confiables y un eficiente sistema de almacenamiento y visualizaci\u00f3n para la toma de decisiones; aunque su empleo no tiene costo, se requiere aprender a usarlos para ayudar a los gobiernos locales, federales y estatales a disponer de estructuras de informaci\u00f3n m\u00e1s eficientes.<\/p>\n\n\n\n<p>En su intervenci\u00f3n, Cicero Arenas enfatiz\u00f3 que la IA en las ciudades es, sin duda, una soluci\u00f3n, pero tambi\u00e9n conlleva retos y dilemas de los que hay que ser conscientes y conversar al respecto para<\/p>\n\n\n\n<p>encontrar la mejor manera de enfrentarlos.<\/p>\n\n\n\n<p>Quiz\u00e1 algunos de esos dilemas no tengan soluci\u00f3n y habr\u00eda que realizar el an\u00e1lisis costo-beneficio, si vale la pena asumir el riesgo, qu\u00e9 problema estar\u00eda resolviendo y si tiene soluci\u00f3n a trav\u00e9s de un pensamiento multidisciplinario, pues es un tema que compete a cient\u00edficos de datos, comput\u00f3logos, ingenieros, a todas las disciplinas \u201cporque su impacto es as\u00ed, transversal y multidisciplinario\u201d.<\/p>\n\n\n\n<p>En la ceremonia inaugural estuvieron Pablo Pruneda Gross, del IIJ; Mar\u00eda Elena Estavillo Flores, del Centro-i; adem\u00e1s de Raymundo Perroni, de Smart City Expo Latam Congress.<br>&#8212;&#8212;&#8212;&#8212;&#8212;&#8212;&#8212;&#8212;&#8212;&#8212;&#8212;&#8212;&#8212;&#8212;&#8212;&#8212;&#8212;&#8212;&#8212;-<br>Contacto: <a href=\"mailto:samcarbajalreportera@gmail.com\">samcarbajalreportera@gmail.com<\/a><\/p>\n","protected":false},"excerpt":{"rendered":"<p>AutorDirecci\u00f3n General de Comunicaci\u00f3n Social UNAM&nbsp;Fecha de publicaci\u00f3n28 de mayo 2023Categor\u00edaBolet\u00edn El uso de la inteligencia artificial (IA) es un riesgo, pero tambi\u00e9n tiene gran potencial para generar el bien com\u00fan y mejorar la calidad de vida de las personas, as\u00ed como para contribuir a resolver problemas p\u00fablicos de manera m\u00e1s efectiva, consideraron los participantes [&hellip;]<\/p>\n","protected":false},"author":2,"featured_media":0,"comment_status":"open","ping_status":"open","sticky":false,"template":"","format":"standard","meta":{"om_disable_all_campaigns":false,"_monsterinsights_skip_tracking":false,"_monsterinsights_sitenote_active":false,"_monsterinsights_sitenote_note":"","_monsterinsights_sitenote_category":0,"footnotes":""},"categories":[1],"tags":[],"class_list":["post-1152","post","type-post","status-publish","format-standard","hentry","category-noticia"],"aioseo_notices":[],"_links":{"self":[{"href":"https:\/\/ciencianews.in\/index.php\/wp-json\/wp\/v2\/posts\/1152","targetHints":{"allow":["GET"]}}],"collection":[{"href":"https:\/\/ciencianews.in\/index.php\/wp-json\/wp\/v2\/posts"}],"about":[{"href":"https:\/\/ciencianews.in\/index.php\/wp-json\/wp\/v2\/types\/post"}],"author":[{"embeddable":true,"href":"https:\/\/ciencianews.in\/index.php\/wp-json\/wp\/v2\/users\/2"}],"replies":[{"embeddable":true,"href":"https:\/\/ciencianews.in\/index.php\/wp-json\/wp\/v2\/comments?post=1152"}],"version-history":[{"count":1,"href":"https:\/\/ciencianews.in\/index.php\/wp-json\/wp\/v2\/posts\/1152\/revisions"}],"predecessor-version":[{"id":1153,"href":"https:\/\/ciencianews.in\/index.php\/wp-json\/wp\/v2\/posts\/1152\/revisions\/1153"}],"wp:attachment":[{"href":"https:\/\/ciencianews.in\/index.php\/wp-json\/wp\/v2\/media?parent=1152"}],"wp:term":[{"taxonomy":"category","embeddable":true,"href":"https:\/\/ciencianews.in\/index.php\/wp-json\/wp\/v2\/categories?post=1152"},{"taxonomy":"post_tag","embeddable":true,"href":"https:\/\/ciencianews.in\/index.php\/wp-json\/wp\/v2\/tags?post=1152"}],"curies":[{"name":"wp","href":"https:\/\/api.w.org\/{rel}","templated":true}]}}