{"id":1175,"date":"2023-06-12T22:11:06","date_gmt":"2023-06-13T03:11:06","guid":{"rendered":"https:\/\/ciencianews.in\/?p=1175"},"modified":"2023-06-12T22:11:07","modified_gmt":"2023-06-13T03:11:07","slug":"firman-ipn-y-sonora-convenio-para-disenar-red-troncal-de-telecomunicaciones-en-la-entidad","status":"publish","type":"post","link":"https:\/\/ciencianews.in\/index.php\/2023\/06\/12\/firman-ipn-y-sonora-convenio-para-disenar-red-troncal-de-telecomunicaciones-en-la-entidad\/","title":{"rendered":"Firman IPN y Sonora convenio para dise\u00f1ar red troncal de telecomunicaciones en la entidad"},"content":{"rendered":"\n<p><strong>Autor<br><\/strong>Instituto Polit\u00e9cnico Nacional IPN<br><strong>Fecha de publicaci\u00f3n<br><\/strong>10 de junio 2023<br><strong>Categor\u00eda<br><\/strong>Comunicado<\/p>\n\n\n\n<p>El director general del Instituto Polit\u00e9cnico Nacional (IPN), Arturo Reyes Sandoval, y el gobernador de Sonora, Alfonso Durazo Monta\u00f1o, firmaron un convenio general de colaboraci\u00f3n para el dise\u00f1o de una red troncal de telecomunicaciones con el fin de dar cobertura homologada a todo el estado.<\/p>\n\n\n\n<p>El convenio espec\u00edfico \u201cDise\u00f1o de la red troncal del estado de Sonora\u201d, permitir\u00e1 trabajar para homologar una sola red de telecomunicaciones, que sirva para atender las necesidades de la entidad y de las diferentes oficinas de gobierno. La vigencia del convenio es de tres a\u00f1os.<\/p>\n\n\n\n<p>El convenio de colaboraci\u00f3n establece que la red troncal de fibra \u00f3ptica servir\u00e1 tambi\u00e9n para llevar conectividad a la Sierra Madre Occidental y ligar la zona con enlaces a trav\u00e9s de microondas, as\u00ed como con enlaces satelitales que permitan tener comunicaci\u00f3n en sus alrededores.<\/p>\n\n\n\n<p>Al signar el documento, el director general del IPN, Arturo Reyes Sandoval dijo que el gobierno de Sonora tiene en el Polit\u00e9cnico un aliado para la consolidaci\u00f3n de proyectos futuros.<\/p>\n\n\n\n<p>Exhort\u00f3 a establecer las bases y mecanismos de colaboraci\u00f3n, entre ambas partes, para lograr el m\u00e1ximo aprovechamiento de dicha red.<\/p>\n\n\n\n<p>El gobernador de Sonora, Alfonso Durazo Monta\u00f1o, record\u00f3 el servicio que la instituci\u00f3n ha aportado a la naci\u00f3n en distintos momentos de la historia; uno de ellos, al crearse la Guardia Nacional, donde se trabaj\u00f3 en conjunto por la consolidaci\u00f3n de su red de comunicaciones.<\/p>\n\n\n\n<p>\u00abTengo mucho reconocimiento por esta instituci\u00f3n, no s\u00f3lo como aqu\u00ed se ha dicho, porque es exponente de la excelencia acad\u00e9mica, sino porque es la instituci\u00f3n, una instituci\u00f3n, que no ha perdido la esencia de su origen: formar profesionistas con un compromiso y una sensibilidad social que tanto necesita nuestro pa\u00eds\u201d, afirm\u00f3 el mandatario estatal.<br>&#8212;&#8212;&#8212;&#8212;&#8212;&#8212;&#8212;&#8212;&#8212;&#8212;&#8212;&#8212;&#8212;&#8212;&#8212;&#8212;&#8212;&#8212;&#8212;-<br>Contacto: <a href=\"mailto:samcarbajalreportera@gmail.com\">samcarbajalreportera@gmail.com<\/a><\/p>\n","protected":false},"excerpt":{"rendered":"<p>AutorInstituto Polit\u00e9cnico Nacional IPNFecha de publicaci\u00f3n10 de junio 2023Categor\u00edaComunicado El director general del Instituto Polit\u00e9cnico Nacional (IPN), Arturo Reyes Sandoval, y el gobernador de Sonora, Alfonso Durazo Monta\u00f1o, firmaron un convenio general de colaboraci\u00f3n para el dise\u00f1o de una red troncal de telecomunicaciones con el fin de dar cobertura homologada a todo el estado. El [&hellip;]<\/p>\n","protected":false},"author":2,"featured_media":0,"comment_status":"open","ping_status":"open","sticky":false,"template":"","format":"standard","meta":{"om_disable_all_campaigns":false,"_monsterinsights_skip_tracking":false,"_monsterinsights_sitenote_active":false,"_monsterinsights_sitenote_note":"","_monsterinsights_sitenote_category":0,"footnotes":""},"categories":[1],"tags":[],"class_list":["post-1175","post","type-post","status-publish","format-standard","hentry","category-noticia"],"aioseo_notices":[],"_links":{"self":[{"href":"https:\/\/ciencianews.in\/index.php\/wp-json\/wp\/v2\/posts\/1175","targetHints":{"allow":["GET"]}}],"collection":[{"href":"https:\/\/ciencianews.in\/index.php\/wp-json\/wp\/v2\/posts"}],"about":[{"href":"https:\/\/ciencianews.in\/index.php\/wp-json\/wp\/v2\/types\/post"}],"author":[{"embeddable":true,"href":"https:\/\/ciencianews.in\/index.php\/wp-json\/wp\/v2\/users\/2"}],"replies":[{"embeddable":true,"href":"https:\/\/ciencianews.in\/index.php\/wp-json\/wp\/v2\/comments?post=1175"}],"version-history":[{"count":1,"href":"https:\/\/ciencianews.in\/index.php\/wp-json\/wp\/v2\/posts\/1175\/revisions"}],"predecessor-version":[{"id":1176,"href":"https:\/\/ciencianews.in\/index.php\/wp-json\/wp\/v2\/posts\/1175\/revisions\/1176"}],"wp:attachment":[{"href":"https:\/\/ciencianews.in\/index.php\/wp-json\/wp\/v2\/media?parent=1175"}],"wp:term":[{"taxonomy":"category","embeddable":true,"href":"https:\/\/ciencianews.in\/index.php\/wp-json\/wp\/v2\/categories?post=1175"},{"taxonomy":"post_tag","embeddable":true,"href":"https:\/\/ciencianews.in\/index.php\/wp-json\/wp\/v2\/tags?post=1175"}],"curies":[{"name":"wp","href":"https:\/\/api.w.org\/{rel}","templated":true}]}}