{"id":1177,"date":"2023-06-12T22:21:01","date_gmt":"2023-06-13T03:21:01","guid":{"rendered":"https:\/\/ciencianews.in\/?p=1177"},"modified":"2023-06-12T22:21:01","modified_gmt":"2023-06-13T03:21:01","slug":"golpes-de-calor-deshidratacion-y-problemas-estomacales-impactos-de-onda-calorica","status":"publish","type":"post","link":"https:\/\/ciencianews.in\/index.php\/2023\/06\/12\/golpes-de-calor-deshidratacion-y-problemas-estomacales-impactos-de-onda-calorica\/","title":{"rendered":"Golpes de calor, deshidrataci\u00f3n y problemas estomacales, impactos de onda cal\u00f3rica"},"content":{"rendered":"\n<p><strong>Autor<br><\/strong>Instituto Polit\u00e9cnico Nacional IPN<br><strong>Fecha de publicaci\u00f3n<br><\/strong>10 de junio 2023<br><strong>Categor\u00eda<br><\/strong>Comunicado<\/p>\n\n\n\n<p>Debido al impacto de las ondas de calor en algunas regiones del sureste, centro y norte del pa\u00eds se transita por una etapa cr\u00edtica con temperaturas arriba de lo normal, lo que interfiere en nuestra vida diaria, advirti\u00f3 el profesor-investigador del Centro Interdisciplinario de Innovaci\u00f3n y Estudios Sobre Medio Ambiente y Desarrollo (Ciiemad) del Instituto Polit\u00e9cnico Nacional (IPN), \u00c1ngel Refugio Ter\u00e1n Cuevas.<\/p>\n\n\n\n<p>El ingeniero geof\u00edsico egresado de la Escuela Superior de Ingenier\u00eda y Arquitectura (ESIA), explic\u00f3 que los principales impactos negativos que resentir\u00e1 la poblaci\u00f3n con mayor vulnerabilidad, como personas adultas mayores y menores de 10 a\u00f1os, son golpes de calor, deshidrataci\u00f3n y problemas estomacales por consumir alimentos que se descomponen con rapidez.<\/p>\n\n\n\n<p>Recomend\u00f3 a la poblaci\u00f3n evitar exposici\u00f3n directa al sol, salir con sombrilla, usar anteojos oscuros, gorras, bloqueador e hidratarse constantemente, as\u00ed como cuidar el estado de los alimentos.<\/p>\n\n\n\n<p>Con posgrado en Estados Unidos en geociencias y doctorado en Medio Ambiente y Desarrollo por esta casa de estudios, Ter\u00e1n Cuevas explic\u00f3 que el origen de esta tercera onda de calor, de las cuatro previstas para este 2023, podr\u00eda ser la m\u00e1s intensa incluso en el n\u00famero de d\u00edas.<\/p>\n\n\n\n<p>Detall\u00f3 que las ondas de calor (masas de aire que presionan hacia abajo por gravedad) son originadas principalmente por el aumento de manchas urbanas, la deforestaci\u00f3n e incendios forestales que provocan calentamiento que va creciendo por la estabilidad atmosf\u00e9rica (sin viento y nubosidad), a lo que se suma la industria y el incremento del parque vehicular que intensifican las ondas.<\/p>\n\n\n\n<p>\u201cTambi\u00e9n tenemos el proceso de variabilidad clim\u00e1tica que ocurre en d\u00e9cadas y el proceso de cambio clim\u00e1tico\u201d, dijo.<\/p>\n\n\n\n<p>Estos impactos \u2013puntualiz\u00f3- no solamente alteran el acontecer diario del ser humano, sino las condiciones naturales de nuestro medio ambiente.<\/p>\n\n\n\n<p>\u201cHay que considerar el an\u00e1lisis de lo que hacemos nosotros para disminuir esto, como es el hecho de \u2018cultivar un \u00e1rbol\u2019, lo que permitir\u00eda mejorar el ciclo hidrol\u00f3gico.\u201d<br>&#8212;&#8212;&#8212;&#8212;&#8212;&#8212;&#8212;&#8212;&#8212;&#8212;&#8212;&#8212;&#8212;&#8212;&#8212;&#8212;&#8212;&#8212;&#8212;-<br>Contacto: <a href=\"mailto:samcarbajalreportera@gmail.com\">samcarbajalreportera@gmail.com<\/a><\/p>\n","protected":false},"excerpt":{"rendered":"<p>AutorInstituto Polit\u00e9cnico Nacional IPNFecha de publicaci\u00f3n10 de junio 2023Categor\u00edaComunicado Debido al impacto de las ondas de calor en algunas regiones del sureste, centro y norte del pa\u00eds se transita por una etapa cr\u00edtica con temperaturas arriba de lo normal, lo que interfiere en nuestra vida diaria, advirti\u00f3 el profesor-investigador del Centro Interdisciplinario de Innovaci\u00f3n y [&hellip;]<\/p>\n","protected":false},"author":2,"featured_media":0,"comment_status":"open","ping_status":"open","sticky":false,"template":"","format":"standard","meta":{"om_disable_all_campaigns":false,"_monsterinsights_skip_tracking":false,"_monsterinsights_sitenote_active":false,"_monsterinsights_sitenote_note":"","_monsterinsights_sitenote_category":0,"footnotes":""},"categories":[1],"tags":[],"class_list":["post-1177","post","type-post","status-publish","format-standard","hentry","category-noticia"],"aioseo_notices":[],"_links":{"self":[{"href":"https:\/\/ciencianews.in\/index.php\/wp-json\/wp\/v2\/posts\/1177","targetHints":{"allow":["GET"]}}],"collection":[{"href":"https:\/\/ciencianews.in\/index.php\/wp-json\/wp\/v2\/posts"}],"about":[{"href":"https:\/\/ciencianews.in\/index.php\/wp-json\/wp\/v2\/types\/post"}],"author":[{"embeddable":true,"href":"https:\/\/ciencianews.in\/index.php\/wp-json\/wp\/v2\/users\/2"}],"replies":[{"embeddable":true,"href":"https:\/\/ciencianews.in\/index.php\/wp-json\/wp\/v2\/comments?post=1177"}],"version-history":[{"count":1,"href":"https:\/\/ciencianews.in\/index.php\/wp-json\/wp\/v2\/posts\/1177\/revisions"}],"predecessor-version":[{"id":1178,"href":"https:\/\/ciencianews.in\/index.php\/wp-json\/wp\/v2\/posts\/1177\/revisions\/1178"}],"wp:attachment":[{"href":"https:\/\/ciencianews.in\/index.php\/wp-json\/wp\/v2\/media?parent=1177"}],"wp:term":[{"taxonomy":"category","embeddable":true,"href":"https:\/\/ciencianews.in\/index.php\/wp-json\/wp\/v2\/categories?post=1177"},{"taxonomy":"post_tag","embeddable":true,"href":"https:\/\/ciencianews.in\/index.php\/wp-json\/wp\/v2\/tags?post=1177"}],"curies":[{"name":"wp","href":"https:\/\/api.w.org\/{rel}","templated":true}]}}