{"id":1179,"date":"2023-06-13T20:10:15","date_gmt":"2023-06-14T01:10:15","guid":{"rendered":"https:\/\/ciencianews.in\/?p=1179"},"modified":"2023-06-13T20:10:31","modified_gmt":"2023-06-14T01:10:31","slug":"lidera-la-unam-entrenamiento-en-inteligencia-artificial-para-estudiantes-de-america-latina","status":"publish","type":"post","link":"https:\/\/ciencianews.in\/index.php\/2023\/06\/13\/lidera-la-unam-entrenamiento-en-inteligencia-artificial-para-estudiantes-de-america-latina\/","title":{"rendered":"Lidera la UNAM entrenamiento en inteligencia artificial para estudiantes de Am\u00e9rica Latina"},"content":{"rendered":"\n<p><strong>Autor<br><\/strong>Direcci\u00f3n General de Comunicaci\u00f3n Social UNAM<br><strong>Fecha de publicaci\u00f3n<br><\/strong>12 de junio 2023<br><strong>Categor\u00eda<br><\/strong>Bolet\u00edn<\/p>\n\n\n\n<p>Con el Macroentrenamiento en Inteligencia Artificial (MeIA) 2023, durante las pr\u00f3ximas tres semanas, aproximadamente mil 600 estudiantes de 12 pa\u00edses y 84 instituciones educativas p\u00fablicas de Am\u00e9rica Latina y el Caribe tendr\u00e1n la oportunidad de aprender y profundizar sus conocimientos en esta \u00e1rea, la cual va a marcar el futuro.<\/p>\n\n\n\n<p>En la inauguraci\u00f3n, la secretaria de Desarrollo Institucional de la UNAM, Patricia Dolores D\u00e1vila Aranda, explic\u00f3 que se trata de un taller virtual dirigido a estudiantes de licenciatura y posgrado para promover el desarrollo de talento y colaboraci\u00f3n en esa \u00e1rea, y la movilidad de alumnos entre las universidades. \u201cEste es un logro importante y debemos estar gustosos de que ocurra\u201d.<\/p>\n\n\n\n<p>Convocado por la Red de Macrouniversidades P\u00fablicas de Am\u00e9rica Latina y el Caribe, que presiden el rector de la Universidad Nacional, Enrique Graue Wiechers, y esta casa de estudios, el Macroentrenamiento consta de tres m\u00f3dulos. En cada semana, del 12 al 30 de junio, se abarcar\u00e1 uno: inducci\u00f3n, especializaci\u00f3n y desarrollo de retos.<\/p>\n\n\n\n<p>\u201cEl modelo instructivo y el dise\u00f1o del taller han estado a cargo del Comit\u00e9 Acad\u00e9mico conformado por siete especialistas\u201d. Se suman a estos esfuerzos decenas de instructores de diferentes universidades de la regi\u00f3n, seleccionados a trav\u00e9s de una convocatoria, detall\u00f3 la funcionaria universitaria.<\/p>\n\n\n\n<p>En este Macroentrenamiento \u201cunimos fuerzas, saberes, buena voluntad y muchas ganas de compartir conocimientos y experiencias\u201d, para que los alumnos aprendan y se superen. \u201cEl modelo de macrouniversidades de nuestra regi\u00f3n se ha ido fortaleciendo gradualmente y encontramos diferentes maneras de expresarnos, compartir y aprender en conjunto; esta iniciativa es una de ellas\u201d. Sigamos buscando metas comunes por el bien de todos, enfatiz\u00f3 D\u00e1vila Aranda.<\/p>\n\n\n\n<p>Al hacer uso de la palabra, el director General de C\u00f3mputo y Tecnolog\u00edas de Informaci\u00f3n y Comunicaci\u00f3n, y presidente del Comit\u00e9 Acad\u00e9mico del Macroentrenamiento, H\u00e9ctor Ben\u00edtez P\u00e9rez, se\u00f1al\u00f3: esta iniciativa busca impulsar el desarrollo de la IA en las universidades de Am\u00e9rica Latina y el Caribe, as\u00ed como el trabajo conjunto en la regi\u00f3n.<\/p>\n\n\n\n<p>El taller ser\u00e1 impartido de manera remota por 38 instructores del m\u00e1s alto nivel procedentes de Argentina, Paraguay, Colombia y M\u00e9xico, quienes se sumaron de forma voluntaria a este esfuerzo. \u201cGracias por su compromiso con la ense\u00f1anza\u201d.<\/p>\n\n\n\n<p>Con el Macroentrenamiento, puntualiz\u00f3, estudiantes de licenciatura, especializaci\u00f3n y posgrado de diversas formaciones y perfiles profesionales convivir\u00e1n virtualmente para aprender, entre otros temas, sobre clasificaci\u00f3n autom\u00e1tica de textos, programaci\u00f3n gen\u00e9tica para crear modelos inteligentes con&nbsp;<em>hardware<\/em>&nbsp;de bajo costo, reconocimiento de im\u00e1genes de personas y objetos cotidianos, as\u00ed como an\u00e1lisis de datos biol\u00f3gicos con m\u00e9todos de&nbsp;<em>machine-learning<\/em>.<\/p>\n\n\n\n<p>El taller, abund\u00f3, tambi\u00e9n les permitir\u00e1 participar activamente en la soluci\u00f3n de distintos retos que enfrenta nuestra sociedad como la estimaci\u00f3n de niveles de sargazo en la playa mediante el an\u00e1lisis de im\u00e1genes; la clasificaci\u00f3n de especies a partir de secuencias de ADN; la identificaci\u00f3n autom\u00e1tica de denuncias sobre delitos que se reportan en redes sociales, etc\u00e9tera.<\/p>\n\n\n\n<p>El inicio del Macroentrenamiento es una enorme oportunidad para construir una joven comunidad que impulse el desarrollo de la inteligencia artificial en nuestros pa\u00edses. Es una apuesta por el futuro, sostuvo H\u00e9ctor Ben\u00edtez.<\/p>\n\n\n\n<p>Asimismo, agradeci\u00f3 el respaldo de los rectores de las macrouniversidades \u201cque nos ha impulsado a tan importante evento; sin su confianza y apoyo, esto no hubiera sido posible\u201d.<\/p>\n\n\n\n<p>A su vez, la rectora de la Universidad Nacional de Colombia, Dolly Montoya Casta\u00f1o, reconoci\u00f3 que, aunque cada instituci\u00f3n ha realizado trabajos en torno a la IA, tener un liderazgo colectivo y transformador es importante para el desarrollo de nuestras naciones y de la regi\u00f3n.<\/p>\n\n\n\n<p>La IA representa un cambio cultural profundo; incluso, se ha dicho que van a desaparecer las universidades y profesores. Pero en las macrouniversidades sabemos c\u00f3mo se genera el conocimiento y c\u00f3mo se gestiona. Es una cadena irrompible entre docencia, investigaci\u00f3n, trabajo con comunidades, emprendimiento y lograr que el conocimiento haga parte de la vida cotidiana de los ciudadanos.<\/p>\n\n\n\n<p>El grupo de estudiantes entre 18 y 30 a\u00f1os que participan en el taller es una luz en el camino para Latinoam\u00e9rica. \u201cTenemos que seguir avanzando en proyectos, en trascender la frontera de las universidades para apoyar a la regi\u00f3n\u201d.<\/p>\n\n\n\n<p>Las macrouniversidades somos el soporte del conocimiento de Am\u00e9rica Latina, reiter\u00f3. \u201cBienvenidos todos al curso y gracias a la UNAM por todo el apoyo y soporte que ha brindado a la regi\u00f3n; juntos podemos lograr nuestras metas\u201d.&nbsp;<\/p>\n\n\n\n<p>Al acto inaugural asistieron autoridades universitarias, miembros del Comit\u00e9 Acad\u00e9mico, talleristas y alumnos.<br>&#8212;&#8212;&#8212;&#8212;&#8212;&#8212;&#8212;&#8212;&#8212;&#8212;&#8212;&#8212;&#8212;&#8212;&#8212;&#8212;&#8212;&#8212;&#8212;-<br>Contacto: <a href=\"mailto:samcarbajalreportera@gmail.com\">samcarbajalreportera@gmail.com<\/a><\/p>\n","protected":false},"excerpt":{"rendered":"<p>AutorDirecci\u00f3n General de Comunicaci\u00f3n Social UNAMFecha de publicaci\u00f3n12 de junio 2023Categor\u00edaBolet\u00edn Con el Macroentrenamiento en Inteligencia Artificial (MeIA) 2023, durante las pr\u00f3ximas tres semanas, aproximadamente mil 600 estudiantes de 12 pa\u00edses y 84 instituciones educativas p\u00fablicas de Am\u00e9rica Latina y el Caribe tendr\u00e1n la oportunidad de aprender y profundizar sus conocimientos en esta \u00e1rea, la [&hellip;]<\/p>\n","protected":false},"author":2,"featured_media":0,"comment_status":"open","ping_status":"open","sticky":false,"template":"","format":"standard","meta":{"om_disable_all_campaigns":false,"_monsterinsights_skip_tracking":false,"_monsterinsights_sitenote_active":false,"_monsterinsights_sitenote_note":"","_monsterinsights_sitenote_category":0,"footnotes":""},"categories":[1],"tags":[],"class_list":["post-1179","post","type-post","status-publish","format-standard","hentry","category-noticia"],"aioseo_notices":[],"_links":{"self":[{"href":"https:\/\/ciencianews.in\/index.php\/wp-json\/wp\/v2\/posts\/1179","targetHints":{"allow":["GET"]}}],"collection":[{"href":"https:\/\/ciencianews.in\/index.php\/wp-json\/wp\/v2\/posts"}],"about":[{"href":"https:\/\/ciencianews.in\/index.php\/wp-json\/wp\/v2\/types\/post"}],"author":[{"embeddable":true,"href":"https:\/\/ciencianews.in\/index.php\/wp-json\/wp\/v2\/users\/2"}],"replies":[{"embeddable":true,"href":"https:\/\/ciencianews.in\/index.php\/wp-json\/wp\/v2\/comments?post=1179"}],"version-history":[{"count":2,"href":"https:\/\/ciencianews.in\/index.php\/wp-json\/wp\/v2\/posts\/1179\/revisions"}],"predecessor-version":[{"id":1182,"href":"https:\/\/ciencianews.in\/index.php\/wp-json\/wp\/v2\/posts\/1179\/revisions\/1182"}],"wp:attachment":[{"href":"https:\/\/ciencianews.in\/index.php\/wp-json\/wp\/v2\/media?parent=1179"}],"wp:term":[{"taxonomy":"category","embeddable":true,"href":"https:\/\/ciencianews.in\/index.php\/wp-json\/wp\/v2\/categories?post=1179"},{"taxonomy":"post_tag","embeddable":true,"href":"https:\/\/ciencianews.in\/index.php\/wp-json\/wp\/v2\/tags?post=1179"}],"curies":[{"name":"wp","href":"https:\/\/api.w.org\/{rel}","templated":true}]}}