{"id":1203,"date":"2023-06-29T10:00:00","date_gmt":"2023-06-29T15:00:00","guid":{"rendered":"https:\/\/ciencianews.in\/?p=1203"},"modified":"2023-06-29T01:37:01","modified_gmt":"2023-06-29T06:37:01","slug":"conahcyt-participa-en-reunion-de-altas-autoridades-de-ciencia-tecnologia-e-innovacion-de-celac-en-venezuela","status":"publish","type":"post","link":"https:\/\/ciencianews.in\/index.php\/2023\/06\/29\/conahcyt-participa-en-reunion-de-altas-autoridades-de-ciencia-tecnologia-e-innovacion-de-celac-en-venezuela\/","title":{"rendered":"Conahcyt participa en reuni\u00f3n de altas autoridades de ciencia, tecnolog\u00eda e innovaci\u00f3n de Celac, en Venezuela"},"content":{"rendered":"\n<p><strong>Autor<br><\/strong>Consejo Nacional de Humanidades, Ciencia y Tecnolog\u00eda<br><strong>Fecha de publicaci\u00f3n<br><\/strong>28 de junio 2023<br><strong>Categor\u00eda<br><\/strong>Comunicado<\/p>\n\n\n\n<p>El gobierno de M\u00e9xico, a trav\u00e9s del Consejo Nacional de Humanidades, Ciencias y Tecnolog\u00edas (Conahcyt), particip\u00f3 en la Reuni\u00f3n de Ministras, Ministros y Altas Autoridades de Ciencia, Tecnolog\u00eda e Innovaci\u00f3n de la Comunidad de Estados Latinoamericanos y Caribe\u00f1os (Celac), celebrada en la ciudad de Caracas, Venezuela, los d\u00edas 26 y 27 de junio.<\/p>\n\n\n\n<p>El objetivo de este encuentro fue impulsar el intercambio de experiencias, saberes y actividades cient\u00edficas y tecnol\u00f3gicas, orientadas a la atenci\u00f3n de problemas regionales, en apego irrestricto a las soberan\u00edas nacionales. Asimismo, plante\u00f3 la creaci\u00f3n del Centro Latinoamericano y Caribe\u00f1o para el Desarrollo de la Ciencia y la Tecnolog\u00eda (Celac-CyT), espacio fundamental para la integraci\u00f3n, complementariedad y cooperaci\u00f3n cient\u00edfica-tecnol\u00f3gica, aplicada al bienestar de los pueblos de la regi\u00f3n.<\/p>\n\n\n\n<p>En cumplimiento de la Ley General en materia de Humanidades, Ciencias, Tecnolog\u00edas e Innovaci\u00f3n (LGHCTI), Conahcyt reviste a las HCTI desde la cooperaci\u00f3n internacional para contribuir a la atenci\u00f3n y soluci\u00f3n de prioridades nacionales, multilaterales y regionales comunes, con respeto irrestricto a las soberan\u00edas de los Estados.<\/p>\n\n\n\n<p>Las sesiones, divididas en dos d\u00edas, se desarrollaron con base en siete mesas de trabajo, en las que se revisaron tem\u00e1ticas como: soberan\u00eda agroalimentaria, salud, Celac-CyT, el crisis clim\u00e1tica, inteligencia artificial, y ciencia y tecnolog\u00eda para la inclusi\u00f3n social; los resultados se presentaron en sesi\u00f3n plenaria de alto nivel y se incluyeron en la redacci\u00f3n de la declaraci\u00f3n de la reuni\u00f3n ministerial.<\/p>\n\n\n\n<p>En representaci\u00f3n de la directora general del Conahcyt, Mar\u00eda Elena \u00c1lvarez-Buylla Roces, la directora adjunta de Desarrollo Tecnol\u00f3gico, Vinculaci\u00f3n e Innovaci\u00f3n, Delia Aide\u00e9 Orozco Hern\u00e1ndez, encabez\u00f3 y moder\u00f3 el inicio de las mesas de trabajo, con la tem\u00e1tica \u201cCiencia para la soberan\u00eda agroalimentaria\u201d.<\/p>\n\n\n\n<p>En el an\u00e1lisis de esta mesa se abord\u00f3 transversalmente la importancia de promover enfoques integrales donde se elimine el uso de plaguicidas altamente peligrosos, se rescaten los saberes tradicionales y ancestrales de nuestros pueblos, se promueva el di\u00e1logo de saberes y la inclusi\u00f3n de tecnolog\u00edas sociales y novedosas, pertinentes con la riqueza biocultural de nuestros pa\u00edses.<\/p>\n\n\n\n<p>Asimismo, se propuso la conservaci\u00f3n de semillas y otros recursos gen\u00e9ticos, evitando el uso de organismos gen\u00e9ticamente modificados, promoviendo el intercambio de germoplasma para el fortalecimiento de los programas de mejoramiento gen\u00e9tico vegetal y animal. Al mismo tiempo, se plante\u00f3 la necesidad de definir mecanismos que regulen tecnolog\u00edas y promuevan la propiedad intelectual, que garantice que los beneficios permanezcan en nuestros pueblos.<\/p>\n\n\n\n<p>Otra propuesta destacable fue impulsar procesos de transici\u00f3n agroecol\u00f3gica, que se acompa\u00f1en del impulso regional para la producci\u00f3n de insumos agr\u00edcolas de origen biol\u00f3gico y mineral para control de plagas y enfermedades, la fertilizaci\u00f3n y el control de arvenses, promoviendo el intercambio de conocimientos para optimizar estos procesos.<\/p>\n\n\n\n<p>Orozco Hern\u00e1ndez agradeci\u00f3 la oportunidad de colaborar en la consolidaci\u00f3n del quehacer cient\u00edfico y tecnol\u00f3gico de la regi\u00f3n, mediante la cooperaci\u00f3n, entendimiento y participaci\u00f3n solidaria entre pa\u00edses, superando las barreras que suponen las fronteras territoriales.<\/p>\n\n\n\n<p>\u201cReconocer que la \u00fanica manera de consolidar la fortaleza de nuestra regi\u00f3n es actuando de manera concertada y participativa. M\u00e9xico se compromete a colaborar de manera contundente y decidida a convertir la Celac y su nuevo centro en una realidad de la cual emanen acciones reales que beneficien a nuestros pueblos. M\u00e1s all\u00e1 de la alineaci\u00f3n de ideas y conceptos, es indispensable abordar de forma pragm\u00e1tica, enfocada, eficiente y eficaz estas acciones.\u201d<\/p>\n\n\n\n<p>Se\u00f1al\u00f3 que el gobierno de M\u00e9xico coincide en el inter\u00e9s abordado en las mesas de discusi\u00f3n, especialmente en lo que respecta a la soberan\u00eda alimentaria como derecho de los pa\u00edses a definir su pol\u00edtica agraria y alimentaria en favor del bienestar de los pueblos originarios y el sector campesino.<\/p>\n\n\n\n<p>Al respecto, mencion\u00f3 que \u201cpara los pa\u00edses de la regi\u00f3n es fundamental reducir el hambre de nuestros pueblos, aumentando la cantidad y calidad de los alimentos. Para ello, se requiere promover enfoques integrales, donde se elimine el uso de plaguicidas peligrosos, se rescaten los saberes tradicionales de nuestros pueblos, se promueva el di\u00e1logo de saberes y la inclusi\u00f3n de tecnolog\u00edas sociales y novedosas, pertinentes con la riqueza biocultural de nuestros pa\u00edses\u201d.<\/p>\n\n\n\n<p>Finalmente, remarc\u00f3 que el Celac-CyT \u201ctendr\u00e1 alcance amplio en las actividades de HCTI de la regi\u00f3n, coordinando la infraestructura y capacidades existentes en cada uno de los pa\u00edses integrantes, a trav\u00e9s de mecanismos de articulaci\u00f3n enfocados en prioridades establecidas por la Celac\u201d, y reiter\u00f3 el compromiso de M\u00e9xico por sumarse a \u201cesta noble tarea, que constituir\u00e1 un parteaguas de desarrollo integral y soberano para nuestra regi\u00f3n.\u201d<\/p>\n\n\n\n<p>La Reuni\u00f3n de Ministras, Ministros y Altas Autoridades de Ciencia, Tecnolog\u00eda e Innovaci\u00f3n, concluy\u00f3 con la celebraci\u00f3n de una sesi\u00f3n plenaria de alto nivel, donde se presentaron las propuestas de las mesas de trabajo, se aprob\u00f3 el establecimiento del Celac-CyT y se consensu\u00f3 la Declaraci\u00f3n de la Reuni\u00f3n Ministerial.<\/p>\n\n\n\n<p>Para el Conahcyt, la colaboraci\u00f3n internacional, enmarcada en el humanismo mexicano, revaloriza los saberes tradicionales y fortalece a la comunidad cient\u00edfica mexicana mediante alianzas basadas en relaciones de horizontalidad, solidaridad y mutua reciprocidad, a favor de sociedades m\u00e1s justas, incluyentes y pac\u00edficas.<\/p>\n\n\n\n<h2 class=\"wp-block-heading\"><strong>Antecedentes<\/strong><\/h2>\n\n\n\n<p>La Reuni\u00f3n de Ministras, Ministros y Altas Autoridades de Ciencia, Tecnolog\u00eda e Innovaci\u00f3n de la Celac es resultado de los trabajos previos establecidos en la VII Cumbre de Jefas y Jefes de Estado y de Gobierno de la Celac, realizada en Buenos Aires, Argentina, el 24 de enero de 2023.<\/p>\n\n\n\n<p>De igual forma, encuentra un hist\u00f3rico previo en la Reuni\u00f3n de Ministras, Ministros y Altas Autoridades en Ciencia, Tecnolog\u00eda e Innovaci\u00f3n de la Celac, celebrada el 19 de octubre de 2022 en Buenos Aires, Argentina, donde se ratific\u00f3 la conformaci\u00f3n de las Redes del Conocimiento y la elaboraci\u00f3n de un Programa de Proyectos Regionales en Ciencia, Tecnolog\u00eda e Innovaci\u00f3n.<br>&#8212;&#8212;&#8212;&#8212;&#8212;&#8212;&#8212;&#8212;&#8212;&#8212;&#8212;&#8212;&#8212;&#8212;&#8212;&#8212;&#8212;&#8212;&#8212;-<br>Contacto: <a href=\"mailto:samcarbajalreportera@gmail.com\">samcarbajalreportera@gmail.com<\/a><\/p>\n","protected":false},"excerpt":{"rendered":"<p>AutorConsejo Nacional de Humanidades, Ciencia y Tecnolog\u00edaFecha de publicaci\u00f3n28 de junio 2023Categor\u00edaComunicado El gobierno de M\u00e9xico, a trav\u00e9s del Consejo Nacional de Humanidades, Ciencias y Tecnolog\u00edas (Conahcyt), particip\u00f3 en la Reuni\u00f3n de Ministras, Ministros y Altas Autoridades de Ciencia, Tecnolog\u00eda e Innovaci\u00f3n de la Comunidad de Estados Latinoamericanos y Caribe\u00f1os (Celac), celebrada en la ciudad [&hellip;]<\/p>\n","protected":false},"author":2,"featured_media":0,"comment_status":"open","ping_status":"open","sticky":false,"template":"","format":"standard","meta":{"om_disable_all_campaigns":false,"_monsterinsights_skip_tracking":false,"_monsterinsights_sitenote_active":false,"_monsterinsights_sitenote_note":"","_monsterinsights_sitenote_category":0,"footnotes":""},"categories":[1],"tags":[],"class_list":["post-1203","post","type-post","status-publish","format-standard","hentry","category-noticia"],"aioseo_notices":[],"_links":{"self":[{"href":"https:\/\/ciencianews.in\/index.php\/wp-json\/wp\/v2\/posts\/1203","targetHints":{"allow":["GET"]}}],"collection":[{"href":"https:\/\/ciencianews.in\/index.php\/wp-json\/wp\/v2\/posts"}],"about":[{"href":"https:\/\/ciencianews.in\/index.php\/wp-json\/wp\/v2\/types\/post"}],"author":[{"embeddable":true,"href":"https:\/\/ciencianews.in\/index.php\/wp-json\/wp\/v2\/users\/2"}],"replies":[{"embeddable":true,"href":"https:\/\/ciencianews.in\/index.php\/wp-json\/wp\/v2\/comments?post=1203"}],"version-history":[{"count":1,"href":"https:\/\/ciencianews.in\/index.php\/wp-json\/wp\/v2\/posts\/1203\/revisions"}],"predecessor-version":[{"id":1204,"href":"https:\/\/ciencianews.in\/index.php\/wp-json\/wp\/v2\/posts\/1203\/revisions\/1204"}],"wp:attachment":[{"href":"https:\/\/ciencianews.in\/index.php\/wp-json\/wp\/v2\/media?parent=1203"}],"wp:term":[{"taxonomy":"category","embeddable":true,"href":"https:\/\/ciencianews.in\/index.php\/wp-json\/wp\/v2\/categories?post=1203"},{"taxonomy":"post_tag","embeddable":true,"href":"https:\/\/ciencianews.in\/index.php\/wp-json\/wp\/v2\/tags?post=1203"}],"curies":[{"name":"wp","href":"https:\/\/api.w.org\/{rel}","templated":true}]}}