{"id":1205,"date":"2023-07-11T14:00:00","date_gmt":"2023-07-11T19:00:00","guid":{"rendered":"https:\/\/ciencianews.in\/?p=1205"},"modified":"2023-07-11T03:14:49","modified_gmt":"2023-07-11T08:14:49","slug":"alumnas-de-morelos-y-oaxaca-premiadas-con-la-beca-fundacion-anabel-centeno-que-les-permitira-estudiar-la-licenciatura-en-enfermeria-en-la-universidad-panamericana","status":"publish","type":"post","link":"https:\/\/ciencianews.in\/index.php\/2023\/07\/11\/alumnas-de-morelos-y-oaxaca-premiadas-con-la-beca-fundacion-anabel-centeno-que-les-permitira-estudiar-la-licenciatura-en-enfermeria-en-la-universidad-panamericana\/","title":{"rendered":"Alumnas de Morelos y Oaxaca premiadas con la beca Fundaci\u00f3n Anabel Centeno, que les permitir\u00e1 estudiar la Licenciatura en Enfermer\u00eda en la Universidad Panamericana."},"content":{"rendered":"\n<p><strong>Ciudad de M\u00e9xico, 26 de junio de 2023.-<\/strong> \u201cCon el prop\u00f3sito de impulsar el talento, reconocer el esfuerzo de estudiantes excepcionales y formar l\u00edderes que reconozcan a la persona como el objetivo principal del esquema de salud, la Escuela de Enfermer\u00eda de la Universidad Panamericana, llev\u00f3 a cabo este 26 de junio, la premiaci\u00f3n del concurso para obtener la Beca Fundaci\u00f3n Anabel Centeno para estudiar la licenciatura en esta casa de estudios.<\/p>\n\n\n\n<p>El primer lugar fue para Marta Serena Santos Jacinto, originaria del Estado de Oaxaca, obtuvo el 100% de beca, ella es egresada del Centro de Estudios Tecnol\u00f3gicos Industrial y de Servicios N\u00b038. El segundo lugar fue para Itzamany Jolette Olivares Zavala, qui\u00e9n obtuvo el 90% de beca, ella es egresada del bachillerato del Colegio Montefalco, en Jonacatepec, Morelos.<\/p>\n\n\n\n<p>Asimismo, la Panamericana entreg\u00f3 una beca del 80% a Cedrick Yael P\u00e9rez Rodr\u00edguez, \u00e9l es egresado de la preparatoria de la Fundaci\u00f3n Azteca A.C., en la Ciudad de M\u00e9xico.<\/p>\n\n\n\n<p>Durante el evento de entrega de becas estuvieron presentes la Dra. Stephanie Derive, decana de la Facultad de Ciencias de la Salud de la Universidad Panamericana, la MBA. Anabel Centeno, CEO del grupo CCA Logistics Group y presidenta de la Fundaci\u00f3n que lleva su nombre.<\/p>\n\n\n\n<p>Por la Escuela de Enfermer\u00eda de la Panamericana, se cont\u00f3 con la presencia de la MBA. Jessica Guti\u00e9rrez Ruiz, decana de la escuela; el Enfermero especialista Heriberto Hern\u00e1ndez Mart\u00ednez, acad\u00e9mico de la carrera y la Mtra. Mariana Mart\u00ednez, Coordinadora Acad\u00e9mica.<\/p>\n\n\n\n<p>En su mensaje, la doctora Sthepanie Derive se\u00f1al\u00f3: \u201cLa enfermer\u00eda es el centro de la actividad en un hospital, es parte de la columna vertebral del equipo multidisciplinario de salud, es el centro para atender al paciente con calidad, eficiencia y humanidad\u201d.<\/p>\n\n\n\n<p>\u201cActualmente, requerimos servicios de enfermer\u00eda de excelencia, a veces no se cuenta con ellos, por falta de recursos, por exceso de pacientes. La Universidad Panamericana, es una de las pocas universidades privadas donde impartimos la carrera de enfermer\u00eda, por eso, hoy se impulsa a los alumnos a trav\u00e9s de esta beca, la cual permitir\u00e1 que personas que no puedan acceder con sus propios recursos a estudiar la Licenciatura en Enfermer\u00eda, lo hagan mediante este apoyo\u201d resalt\u00f3 la decana.<\/p>\n\n\n\n<p>En entrevista, Anabel Centeno manifest\u00f3 que \u201cla clave para que el pa\u00eds mejore es la educaci\u00f3n, la familia y la escuela. Para ello, es muy importante mejorar el sistema de salud, empoderar a las mujeres y a la juventud en general\u201d.<\/p>\n\n\n\n<p>Agreg\u00f3 que, \u201csi uno aporta a la sociedad, siempre se ver\u00e1 remunerado en beneficio de nuestro pa\u00eds, en la fundaci\u00f3n apoyamos a la educaci\u00f3n, el tema ambiental, a la ni\u00f1ez, al empoderamiento de la mujer y adultos mayores en situaci\u00f3n de abandono\u201d.<\/p>\n\n\n\n<p>Al hablar de lo que le inspir\u00f3 a otorgar esta beca, Anabel Centeno, indic\u00f3 \u201cte das cuenta que en el sector salud de nuestro pa\u00eds hay carencias, no s\u00f3lo de medicamentos, sino de personal y de labor de enfermer\u00eda. Un m\u00e9dico requiere de un equipo profesional de excelencia para lograr el restablecimiento del paciente, por ello, hoy apoyamos esta noble tarea, ya que la enfermer\u00eda es una disciplina muy necesaria y de futuro que hay que apoyar\u201d.<\/p>\n\n\n\n<p>Martha Serena Santos, de 27 a\u00f1os, ganadora del primer lugar, es oriunda del Estado de Oaxaca, ella se\u00f1al\u00f3 que, \u201cla enfermer\u00eda es una labor muy noble donde podemos hacer mucho bien a otras personas, sobre todo, convivo con varias personas adultos mayores, y darles mayor calidad de vida es parte de mis objetivos. Al estudiar en la Universidad Panamericana obtendr\u00e9 una formaci\u00f3n completa, de excelencia y la calidad humana para atender a los pacientes\u201d.<\/p>\n\n\n\n<p>Itzamany Jolette Olivares, de 18 a\u00f1os, originaria del Estado de Morelos, ganadora del segundo lugar se\u00f1al\u00f3 que \u201cla enfermer\u00eda es una labor importante, que para muchos no se nota, pero es parte fundamental del restablecimiento del paciente\u201d. Agreg\u00f3, \u201cYo trabaj\u00e9 mucho para poder lograr entrar al concurso as\u00ed que con mucho esfuerzo todo se puede alcanzar, los l\u00edmites te los pones t\u00fa\u201d.<\/p>\n\n\n\n<p>Por su parte, Cedrick Yael P\u00e9rez, de 18 a\u00f1os, quiere estudiar enfermer\u00eda debido a que \u201cla enfermer\u00eda la llevo de forma intr\u00ednseca en mi persona, es una noble labor que es cercana a mi familia, por eso entr\u00e9 al concurso, para tener la posibilidad de luchar por mis sue\u00f1os\u201d.<br>&#8212;&#8212;&#8212;&#8212;&#8212;&#8212;&#8212;&#8212;&#8212;&#8212;&#8212;&#8212;&#8212;&#8212;&#8212;&#8212;&#8212;&#8212;&#8212;-<br>Contacto: <a href=\"mailto:samcarbajalreportera@gmail.com\">samcarbajalreportera@gmail.com<\/a><\/p>\n","protected":false},"excerpt":{"rendered":"<p>Ciudad de M\u00e9xico, 26 de junio de 2023.- \u201cCon el prop\u00f3sito de impulsar el talento, reconocer el esfuerzo de estudiantes excepcionales y formar l\u00edderes que reconozcan a la persona como el objetivo principal del esquema de salud, la Escuela de Enfermer\u00eda de la Universidad Panamericana, llev\u00f3 a cabo este 26 de junio, la premiaci\u00f3n del [&hellip;]<\/p>\n","protected":false},"author":2,"featured_media":0,"comment_status":"open","ping_status":"open","sticky":false,"template":"","format":"standard","meta":{"om_disable_all_campaigns":false,"_monsterinsights_skip_tracking":false,"_monsterinsights_sitenote_active":false,"_monsterinsights_sitenote_note":"","_monsterinsights_sitenote_category":0,"footnotes":""},"categories":[1],"tags":[],"class_list":["post-1205","post","type-post","status-publish","format-standard","hentry","category-noticia"],"aioseo_notices":[],"_links":{"self":[{"href":"https:\/\/ciencianews.in\/index.php\/wp-json\/wp\/v2\/posts\/1205","targetHints":{"allow":["GET"]}}],"collection":[{"href":"https:\/\/ciencianews.in\/index.php\/wp-json\/wp\/v2\/posts"}],"about":[{"href":"https:\/\/ciencianews.in\/index.php\/wp-json\/wp\/v2\/types\/post"}],"author":[{"embeddable":true,"href":"https:\/\/ciencianews.in\/index.php\/wp-json\/wp\/v2\/users\/2"}],"replies":[{"embeddable":true,"href":"https:\/\/ciencianews.in\/index.php\/wp-json\/wp\/v2\/comments?post=1205"}],"version-history":[{"count":1,"href":"https:\/\/ciencianews.in\/index.php\/wp-json\/wp\/v2\/posts\/1205\/revisions"}],"predecessor-version":[{"id":1206,"href":"https:\/\/ciencianews.in\/index.php\/wp-json\/wp\/v2\/posts\/1205\/revisions\/1206"}],"wp:attachment":[{"href":"https:\/\/ciencianews.in\/index.php\/wp-json\/wp\/v2\/media?parent=1205"}],"wp:term":[{"taxonomy":"category","embeddable":true,"href":"https:\/\/ciencianews.in\/index.php\/wp-json\/wp\/v2\/categories?post=1205"},{"taxonomy":"post_tag","embeddable":true,"href":"https:\/\/ciencianews.in\/index.php\/wp-json\/wp\/v2\/tags?post=1205"}],"curies":[{"name":"wp","href":"https:\/\/api.w.org\/{rel}","templated":true}]}}