{"id":1212,"date":"2023-07-17T22:35:40","date_gmt":"2023-07-18T03:35:40","guid":{"rendered":"https:\/\/ciencianews.in\/?p=1212"},"modified":"2023-07-17T22:35:41","modified_gmt":"2023-07-18T03:35:41","slug":"cndh-y-conahcyt-fortalecen-difusion-del-derecho-humano-a-la-ciencia-en-mexico","status":"publish","type":"post","link":"https:\/\/ciencianews.in\/index.php\/2023\/07\/17\/cndh-y-conahcyt-fortalecen-difusion-del-derecho-humano-a-la-ciencia-en-mexico\/","title":{"rendered":"CNDH y Conahcyt fortalecen difusi\u00f3n del derecho humano a la ciencia en M\u00e9xico"},"content":{"rendered":"\n<p><strong>Autor<\/strong><br>Consejo Nacional de Humanidades Ciencias y Tecnolog\u00edas<br><strong>Fecha de publicaci\u00f3n<\/strong><br>14 de julio de 2023<br><strong>Categor\u00eda<\/strong><br>Comunicado<\/p>\n\n\n\n<p>Con la entrada en vigor de la Ley General en materia de Humanidades, Ciencias, Tecnolog\u00edas e Innovaci\u00f3n (LGHCTI), impulsada por el presidente Andr\u00e9s Manuel L\u00f3pez Obrador, el Consejo Nacional de Humanidades, Ciencias y Tecnolog\u00edas (Conahcyt) y la Comisi\u00f3n Nacional de los Derechos Humanos (CNDH) suman esfuerzos para visibilizar el derecho humano a la ciencia para todas y todos los mexicanos, entendido como el goce de los beneficios del desarrollo de la ciencia y la innovaci\u00f3n tecnol\u00f3gica.<\/p>\n\n\n\n<p>Con la participaci\u00f3n de la directora general del Conahcyt, Mar\u00eda Elena \u00c1lvarez-Buylla Roces, en el programa&nbsp;<em>Defendamos al pueblo<\/em>, producido por la CNDH para la promoci\u00f3n y difusi\u00f3n los derechos humanos, se abren nuevos espacios para profundizar en los beneficios que brinda la primera LGHCTI, fundada en el derecho humano a la ciencia.<\/p>\n\n\n\n<p>\u00c1lvarez-Buylla Roces explic\u00f3, desde un enfoque orientado hacia la defensor\u00eda de los derechos humanos, que el dise\u00f1o de la primera LGHCTI implic\u00f3 un proceso colaborativo, democr\u00e1tico y de solidaridad para hacer de M\u00e9xico un pa\u00eds en el cual se garanticen y protejan los derechos de todas y de todos, y se procure la reparaci\u00f3n y no repetici\u00f3n de las distintas violaciones a los derechos humanos, principalmente las relacionadas con el \u00e1mbito HCTI.<\/p>\n\n\n\n<p>\u201cFue un proceso de dise\u00f1o completo, interesante y que sirvi\u00f3 para asegurar y dejar garant\u00eda de lo que queremos que sea la continuidad del quehacer HCTI a favor de nuestra soberan\u00eda, en coherencia con los principios constitucionales en torno al derecho humano a la ciencia\u201d.<\/p>\n\n\n\n<p>La construcci\u00f3n de una ley con visi\u00f3n humanista, abund\u00f3, representa el esfuerzo por disminuir y erradicar las violaciones a los derechos humanos provocados por un modelo de desarrollo econ\u00f3mico consumista, utilitarista y avasallador de los recursos naturales, y garantizar el pleno y efectivo ejercicio de los derechos, fundamentados en la universalidad, la interdependencia, la indivisibilidad y la progresividad y no regresividad.<\/p>\n\n\n\n<p>La titular del Conahcyt resalt\u00f3 que la LGHCTI se fundamenta en el desarrollo de m\u00faltiples acciones y pol\u00edticas p\u00fablicas que, en concordancia con otras instancias de la Administraci\u00f3n P\u00fablica Federal (APF), instituciones de educaci\u00f3n superior (IES) y organismos p\u00fablicos aut\u00f3nomos, buscan construir un M\u00e9xico m\u00e1s pr\u00f3spero, con justicia social y responsabilidad ambiental.<\/p>\n\n\n\n<p>\u201cEn la ley se establecen mecanismos y estructuras que permiten habilitar el derecho humano a la ciencia, involucrando la participaci\u00f3n de las comunidades HCTI, como habilitador de otros derechos humanos, como el derecho a la salud, al agua, alimentaci\u00f3n de calidad, a un ambiente saludable, a la biodiversidad, a una vida digna y en paz, y el de respeto a los pueblos y comunidades originarias\u201d.<\/p>\n\n\n\n<p>Resalt\u00f3 la necesidad de recuperar el quehacer cient\u00edfico en favor del inter\u00e9s com\u00fan. Por ello, el Conahcyt pretende poner la ciencia al servicio del pueblo y atender las principales problem\u00e1ticas nacionales que, muchas veces, se relacionan con violaciones a los derechos humanos.&nbsp;<\/p>\n\n\n\n<p>\u201cEl Conahcyt ha recuperado la ciencia a favor del pueblo de M\u00e9xico. Tenemos ventiladores propios mexicanos; la vacuna Patria; sustitutos tecnol\u00f3gicos a agrot\u00f3xicos como el glifosato; apoyo en la transici\u00f3n agroecol\u00f3gica; y una diversidad de ciencia y tecnolog\u00eda en favor de nuestra soberan\u00eda e independencia tecnol\u00f3gica que beneficia al inter\u00e9s com\u00fan\u201d.<\/p>\n\n\n\n<p>A\u00f1adi\u00f3 que la ciencia comprometida \u2014social y ambientalmente\u2014 convoca a la concurrencia de capacidades multi y transdisciplinarias para poner la evidencia cient\u00edfica al servicio de las comunidades y con ello legitimar sus luchas.<\/p>\n\n\n\n<p>\u201cEste es solamente un ejemplo de c\u00f3mo la evidencia cient\u00edfica, de colegas y estudiantes comprometidos, puede sustentar el que se cumpla, garanticen los derechos humanos y un sustento de reparaci\u00f3n a la violaci\u00f3n de \u00e9stos\u201d.<\/p>\n\n\n\n<p>En una alianza virtuosa, Conahcyt y la CNDH avanzan en acciones de incidencia hacia una cultura de justicia y paz social que, con la LGHCTI, se refuerzan mediante nuevos mecanismos que fomentan el acceso universal al conocimiento y la difusi\u00f3n de los derechos fundamentales par una vida digna y con bienestar.&nbsp;<\/p>\n\n\n\n<p>El programa\u00a0<em>Defendamos al pueblo<\/em>, conducido por la directora de Difusi\u00f3n de los Derechos Humanos de la CNDH, Bertha Isela Hern\u00e1ndez Mart\u00ednez, fue transmitido este 13 de julio de 2023 a las 17:00 h y est\u00e1 disponible en los siguientes enlaces institucionales:\u00a0<a href=\"https:\/\/bit.ly\/3OaYtXh%2520%2520\/\">https:\/\/bit.ly\/3OaYtXh \/<\/a>\u00a0<a href=\"https:\/\/bit.ly\/3pODDUe\">https:\/\/bit.ly\/3pODDUe<\/a>. <br>&#8212;&#8212;&#8212;&#8212;&#8212;&#8212;&#8212;&#8212;&#8212;&#8212;&#8212;&#8212;&#8212;&#8212;&#8212;&#8212;&#8212;&#8212;&#8212;-<br>Contacto: <a href=\"mailto:samcarbajalreportera@gmail.com\">samcarbajalreportera@gmail.com<\/a><\/p>\n","protected":false},"excerpt":{"rendered":"<p>AutorConsejo Nacional de Humanidades Ciencias y Tecnolog\u00edasFecha de publicaci\u00f3n14 de julio de 2023Categor\u00edaComunicado Con la entrada en vigor de la Ley General en materia de Humanidades, Ciencias, Tecnolog\u00edas e Innovaci\u00f3n (LGHCTI), impulsada por el presidente Andr\u00e9s Manuel L\u00f3pez Obrador, el Consejo Nacional de Humanidades, Ciencias y Tecnolog\u00edas (Conahcyt) y la Comisi\u00f3n Nacional de los Derechos [&hellip;]<\/p>\n","protected":false},"author":2,"featured_media":0,"comment_status":"open","ping_status":"open","sticky":false,"template":"","format":"standard","meta":{"om_disable_all_campaigns":false,"_monsterinsights_skip_tracking":false,"_monsterinsights_sitenote_active":false,"_monsterinsights_sitenote_note":"","_monsterinsights_sitenote_category":0,"footnotes":""},"categories":[1],"tags":[],"class_list":["post-1212","post","type-post","status-publish","format-standard","hentry","category-noticia"],"aioseo_notices":[],"_links":{"self":[{"href":"https:\/\/ciencianews.in\/index.php\/wp-json\/wp\/v2\/posts\/1212","targetHints":{"allow":["GET"]}}],"collection":[{"href":"https:\/\/ciencianews.in\/index.php\/wp-json\/wp\/v2\/posts"}],"about":[{"href":"https:\/\/ciencianews.in\/index.php\/wp-json\/wp\/v2\/types\/post"}],"author":[{"embeddable":true,"href":"https:\/\/ciencianews.in\/index.php\/wp-json\/wp\/v2\/users\/2"}],"replies":[{"embeddable":true,"href":"https:\/\/ciencianews.in\/index.php\/wp-json\/wp\/v2\/comments?post=1212"}],"version-history":[{"count":1,"href":"https:\/\/ciencianews.in\/index.php\/wp-json\/wp\/v2\/posts\/1212\/revisions"}],"predecessor-version":[{"id":1213,"href":"https:\/\/ciencianews.in\/index.php\/wp-json\/wp\/v2\/posts\/1212\/revisions\/1213"}],"wp:attachment":[{"href":"https:\/\/ciencianews.in\/index.php\/wp-json\/wp\/v2\/media?parent=1212"}],"wp:term":[{"taxonomy":"category","embeddable":true,"href":"https:\/\/ciencianews.in\/index.php\/wp-json\/wp\/v2\/categories?post=1212"},{"taxonomy":"post_tag","embeddable":true,"href":"https:\/\/ciencianews.in\/index.php\/wp-json\/wp\/v2\/tags?post=1212"}],"curies":[{"name":"wp","href":"https:\/\/api.w.org\/{rel}","templated":true}]}}