{"id":300,"date":"2022-06-09T13:00:00","date_gmt":"2022-06-09T18:00:00","guid":{"rendered":"http:\/\/ciencianews.in\/?p=300"},"modified":"2022-06-09T00:58:39","modified_gmt":"2022-06-09T05:58:39","slug":"universidad-tecnologica-de-san-juan-del-rio-invita-a-verano-de-la-tecnologia","status":"publish","type":"post","link":"https:\/\/ciencianews.in\/index.php\/2022\/06\/09\/universidad-tecnologica-de-san-juan-del-rio-invita-a-verano-de-la-tecnologia\/","title":{"rendered":"Universidad Tecnol\u00f3gica de San Juan del R\u00edo invita a Verano de la Tecnolog\u00eda"},"content":{"rendered":"\n<p>Esta invitaci\u00f3n contempla a estudiantes de 13 a 17 a\u00f1os a participar del \u201cVerano de la Tecnolog\u00eda\u201d.<\/p>\n\n\n\n<p>Este programa funge como una especie de curso de verano que tiene el objetivo de incentivar en el alumnado la vocaci\u00f3n por las ciencias, la tecnolog\u00eda, investigaci\u00f3n y el desarrollo de proyectos.<\/p>\n\n\n\n<p>El curso ser\u00e1 del 18 al 29 de junio, con un horario de 9 am a 1 pm, en las instalaciones del Laboratorio de Innovaci\u00f3n de la Universidad.<\/p>\n\n\n\n<p>Los asistentes tendr\u00e1n la oportunidad de interactuar con el material de rob\u00f3tica, qu\u00edmica y dise\u00f1o de programaci\u00f3n de robots a escala, adem\u00e1s de que podr\u00e1n elaborar prototipos de paneles solares.<\/p>\n\n\n\n<p>Igualmente, aprender\u00e1n a realizar cosas \u00fatiles para la vida cotidiana como jab\u00f3n, gel antibacterial y procesos qu\u00edmicos t\u00edpicos del d\u00eda a d\u00eda.<\/p>\n\n\n\n<p>A trav\u00e9s del curso, se busca reforzar la orientaci\u00f3n vocacional desde una temprana edad, ligada a un proyecto de vida que permita a los adolescentes elegir de manera consciente, de acuerdo a sus habilidades y aptitudes.<\/p>\n\n\n\n<p>El costo del curso es de $1,300 por persona y cubre las dos semanas de duraci\u00f3n, as\u00ed como el material para las actividades a desarrollar.<\/p>\n\n\n\n<p>Las inscripciones est\u00e1n abiertas hasta el 17 de julio y se realizan a trav\u00e9s del tel\u00e9fono 427 1 29 20 00, extensiones 207 y 238.<\/p>\n","protected":false},"excerpt":{"rendered":"<p>Esta invitaci\u00f3n contempla a estudiantes de 13 a 17 a\u00f1os a participar del \u201cVerano de la Tecnolog\u00eda\u201d. Este programa funge como una especie de curso de verano que tiene el objetivo de incentivar en el alumnado la vocaci\u00f3n por las ciencias, la tecnolog\u00eda, investigaci\u00f3n y el desarrollo de proyectos. El curso ser\u00e1 del 18 al [&hellip;]<\/p>\n","protected":false},"author":2,"featured_media":0,"comment_status":"open","ping_status":"open","sticky":false,"template":"","format":"standard","meta":{"om_disable_all_campaigns":false,"_monsterinsights_skip_tracking":false,"_monsterinsights_sitenote_active":false,"_monsterinsights_sitenote_note":"","_monsterinsights_sitenote_category":0,"footnotes":""},"categories":[1],"tags":[],"class_list":["post-300","post","type-post","status-publish","format-standard","hentry","category-noticia"],"aioseo_notices":[],"_links":{"self":[{"href":"https:\/\/ciencianews.in\/index.php\/wp-json\/wp\/v2\/posts\/300","targetHints":{"allow":["GET"]}}],"collection":[{"href":"https:\/\/ciencianews.in\/index.php\/wp-json\/wp\/v2\/posts"}],"about":[{"href":"https:\/\/ciencianews.in\/index.php\/wp-json\/wp\/v2\/types\/post"}],"author":[{"embeddable":true,"href":"https:\/\/ciencianews.in\/index.php\/wp-json\/wp\/v2\/users\/2"}],"replies":[{"embeddable":true,"href":"https:\/\/ciencianews.in\/index.php\/wp-json\/wp\/v2\/comments?post=300"}],"version-history":[{"count":1,"href":"https:\/\/ciencianews.in\/index.php\/wp-json\/wp\/v2\/posts\/300\/revisions"}],"predecessor-version":[{"id":301,"href":"https:\/\/ciencianews.in\/index.php\/wp-json\/wp\/v2\/posts\/300\/revisions\/301"}],"wp:attachment":[{"href":"https:\/\/ciencianews.in\/index.php\/wp-json\/wp\/v2\/media?parent=300"}],"wp:term":[{"taxonomy":"category","embeddable":true,"href":"https:\/\/ciencianews.in\/index.php\/wp-json\/wp\/v2\/categories?post=300"},{"taxonomy":"post_tag","embeddable":true,"href":"https:\/\/ciencianews.in\/index.php\/wp-json\/wp\/v2\/tags?post=300"}],"curies":[{"name":"wp","href":"https:\/\/api.w.org\/{rel}","templated":true}]}}