{"id":387,"date":"2022-06-29T16:00:31","date_gmt":"2022-06-29T21:00:31","guid":{"rendered":"http:\/\/ciencianews.in\/?p=387"},"modified":"2022-06-29T16:00:32","modified_gmt":"2022-06-29T21:00:32","slug":"suma-red-ecos-colaboracion-de-ies-para-atender-problematicas-de-la-ciudad","status":"publish","type":"post","link":"https:\/\/ciencianews.in\/index.php\/2022\/06\/29\/suma-red-ecos-colaboracion-de-ies-para-atender-problematicas-de-la-ciudad\/","title":{"rendered":"Suma Red ECOs colaboraci\u00f3n de IES para atender problem\u00e1ticas de la ciudad"},"content":{"rendered":"\n<p><strong>Autor<\/strong><br>Direcci\u00f3n General de Comunicaci\u00f3n Social, UNAM<br><strong>Fecha de publicaci\u00f3n<\/strong><br>27 de junio de 2022<br><strong>Categor\u00eda<\/strong><br>Bolet\u00edn<\/p>\n\n\n\n<p><em>\u2022 La Red busca propiciar una educaci\u00f3n m\u00e1s justa, equitativa y con investigaci\u00f3n colaborativa: Enrique Graue Wiechers<\/em><em><br>\u2022 Cada una de las instituciones de la Red tiene proyectos; la diferencia es la participaci\u00f3n para atender problem\u00e1ticas en la CDMX: Rosaura Ruiz Guti\u00e9rrez<br>\u2022 Se reunieron en la UNAM representantes de 35 instituciones de educaci\u00f3n superior que forman parte de la Red ECOs<\/em><\/p>\n\n\n\n<p>Con la presencia del rector de la UNAM, Enrique Graue Wiechers, dio inicio la S\u00e9ptima Reuni\u00f3n Plenaria de la Red ECOs de Educaci\u00f3n, Ciencia, Tecnolog\u00eda e Innovaci\u00f3n de la Ciudad de M\u00e9xico, que re\u00fane a 35 instituciones de educaci\u00f3n superior de la capital del pa\u00eds.<\/p>\n\n\n\n<p>\u201cEstamos en la S\u00e9ptima reuni\u00f3n de la Red, que iniciara en mayo del 2019, para propiciar tener en la Ciudad de M\u00e9xico y \u00e1rea Metropolitana una Red de Educaci\u00f3n m\u00e1s justa, m\u00e1s equitativa, con investigaci\u00f3n colaborativa\u201d, coment\u00f3 Graue Wiechers al dar la bienvenida a los asistentes a la reuni\u00f3n realizada en la Unidad de Seminarios \u201cDr. Ignacio Ch\u00e1vez\u201d de la UNAM.<\/p>\n\n\n\n<p>Durante la primera parte del encuentro, organizado por la Secretar\u00eda de Educaci\u00f3n, Ciencia, Tecnolog\u00eda e Innovaci\u00f3n (SECTEI) de la Ciudad de M\u00e9xico, Rosaura Ruiz Guti\u00e9rrez, titular de la dependencia, inform\u00f3 que recientemente se instal\u00f3 la Comisi\u00f3n Estatal para la Planeaci\u00f3n de la Educaci\u00f3n Superior (COEPES), planteada en la nueva Ley General de Educaci\u00f3n Superior.<\/p>\n\n\n\n<p>Dicha Ley indica que cada estado debe tener una comisi\u00f3n integrada por todas las instituciones de educaci\u00f3n superior e investigaci\u00f3n cient\u00edfica, tecnol\u00f3gica y human\u00edstica para hacer la planeaci\u00f3n en las tres \u00e1reas, coment\u00f3 la tambi\u00e9n presidenta de la Red ECOs.<\/p>\n\n\n\n<p>\u201cLa propuesta de integraci\u00f3n de comisiones que se tiene es de Normatividad, Planes y programas de estudio, Innovaci\u00f3n educativa y Diagn\u00f3stico de la Educaci\u00f3n Superior en la CDMX y de las humanidades, ciencia, tecnolog\u00eda e innovaci\u00f3n. Las comisiones est\u00e1n coordinadas por algunas de las instituciones y con la participaci\u00f3n de otras\u201d, detall\u00f3.<\/p>\n\n\n\n<p>Tras recordar que a la Red ECOs se han incorporado nueve nuevas instituciones, sin importar que est\u00e9n o no en la Ciudad de M\u00e9xico, se formaliz\u00f3 la bienvenida de las universidades aut\u00f3nomas de Sinaloa, de Zacatecas y del Estado de M\u00e9xico, as\u00ed como del Instituto Nacional de Neurolog\u00eda y Neurocirug\u00eda \u201cManuel Velasco Su\u00e1rez\u201d y la Red Nacional de Consejos y Organismos Estatales de Ciencia y Tecnolog\u00eda (REDNACECYT).<\/p>\n\n\n\n<p>\u201cCada una de las instituciones aqu\u00ed tiene enormes investigaciones, much\u00edsimos proyectos, la diferencia es la colaboraci\u00f3n entre todos para atender problem\u00e1ticas en la CDMX, de manera que la colaboraci\u00f3n ser\u00e1 ben\u00e9fica no solo para la ciudad, sino para el pa\u00eds\u201d, agreg\u00f3 Ruiz Guti\u00e9rrez.<\/p>\n\n\n\n<p>Igualmente, destac\u00f3 que en la Ciudad hay un gran inter\u00e9s de los j\u00f3venes para estudiar una licenciatura y de ah\u00ed que el trabajo conjunto para apoyarlos es clave para satisfacer esa demanda.<\/p>\n\n\n\n<p><strong>Participaci\u00f3n de la UNAM<\/strong><strong><\/strong><\/p>\n\n\n\n<p>Ana Mar\u00eda Cetto Kramis, investigadora del Instituto de F\u00edsica (IF) de la UNAM, destac\u00f3 los avances del programa Diplomacia y Patrimonio de la Ciencia, del cual se han realizado m\u00e1s de 50 actividades entre seminarios, talleres, cursos, capacitaci\u00f3n, colaboraci\u00f3n e impacto de la ciencia en la Agenda 2030 y patrimonio cient\u00edfico.<\/p>\n\n\n\n<p>\u201cEl resultado m\u00e1s destacado es la Gu\u00eda de Patrimonio Cient\u00edfico de la Ciudad de M\u00e9xico que debe a\u00fan completarse, porque hay mucho que descubrir, rescatar, visibilizar y recuperar para conocimiento de todos y su mayor resguardo. Adicionalmente, el acuerdo para la creaci\u00f3n de una c\u00e1tedra UNESCO ha sido ya firmado tanto por la directora general de la UNESCO como por el rector de la UNAM\u201d. Est\u00e1 en v\u00edas su establecimiento dentro de la Universidad, coment\u00f3.<\/p>\n\n\n\n<p>Respecto al proyecto \u201cDerecho a las luces sobre la Ciudad\u201d, Cetto Kramis destac\u00f3 la creaci\u00f3n de un grupo multidisciplinario para generar la estrategia de iluminaci\u00f3n urbana basada en el trabajo cient\u00edfico, as\u00ed como la adecuada pr\u00e1ctica profesional para el dise\u00f1o de normas y pol\u00edticas p\u00fablicas.<\/p>\n\n\n\n<p>\u201cEl a\u00f1o pasado fue aprobado un decreto de ley contra la contaminaci\u00f3n lum\u00ednica y la luz intrusa, y establecimos contacto con la SEMARNAT para apoyarlos, de forma que esta normatividad fuera emitida con base cient\u00edfica.<\/p>\n\n\n\n<p>Va bastante avanzado el dise\u00f1o de la normatividad, con apoyo de la SECTEI; esperamos entregar pr\u00f3ximamente este trabajo y entregarlo a la SEMARNAT para la emisi\u00f3n de la normatividad correspondiente\u201d, destac\u00f3 Cetto Kramis.<\/p>\n\n\n\n<p>Ana Elena Escalante Hern\u00e1ndez, directora del Instituto de Ecolog\u00eda (IE), y Jorge Arturo Argueta Villamar, investigador del Centro Regional de Investigaciones Multidisciplinarias (CRIM), ambos de la UNAM, presentaron los avances del Centro Articulador para la Sustentabilidad Alimentaria en la CDMX.<\/p>\n\n\n\n<p>Resaltaron que buena parte de los 9.2 millones de habitantes de la Ciudad de M\u00e9xico dependen de insumos tra\u00eddos de fuera; adem\u00e1s esa poblaci\u00f3n genera 12 mil toneladas de residuos. Sobre el territorio, se\u00f1alaron, el avance de la mancha urbana ha llevado a la p\u00e9rdida de 11 mil hect\u00e1reas de bosque, de 1986 a 2010.<\/p>\n\n\n\n<p>La Red trabaja en el desarrollo de chinampas agrovoltaicas, sostenibles y educaci\u00f3n; la colecta, propagaci\u00f3n y transferencia de plantas nativas del Valle de M\u00e9xico para la incorporaci\u00f3n de las \u00e1reas verdes urbanas de la CDMX; e innovaciones socioambientales para fortalecer los sistemas agroalimentarios desde instituciones de investigaci\u00f3n.<\/p>\n\n\n\n<p>Adriana Palma Nava, investigadora del Instituto de Ingenier\u00eda (II) e integrante de la Red del Agua de la UNAM, dio a conocer los resultados de la Red de Acu\u00edferos y Tecnolog\u00edas para el Agua que ha trabajado en el dise\u00f1o, desarrollo y pruebas del Sistema acu\u00e1tico para limpieza de basura en cuerpos de agua y represas de la CDMX.<\/p>\n\n\n\n<p>As\u00ed como en el an\u00e1lisis de aguas residuales para la detecci\u00f3n de SARS-CoV-2, en colaboraci\u00f3n con cinco institutos de salud p\u00fablica con la que se defini\u00f3 y cotej\u00f3 el estado del sem\u00e1foro epidemiol\u00f3gico de la CDMX; adem\u00e1s se gener\u00f3 el Plan 20 a\u00f1os \u201cEstudio del Sistema de Aguas de la CDMX\u201d, con el cual la Ciudad ser\u00e1 pionera en la elaboraci\u00f3n de un Altas de los Acu\u00edferos para ratificar el estado actual de los situados en la Zona Metropolitana del Valle de M\u00e9xico.<\/p>\n\n\n\n<p>En tanto, Arturo Iglesias Mendoza, titular del Servicio Sismol\u00f3gico Nacional e investigador del Instituto de Geof\u00edsica (IGf) de la UNAM, inform\u00f3 los avances de la Red de Protecci\u00f3n Civil. Destac\u00f3 el Sistema de Informaci\u00f3n S\u00edsmica de la Ciudad de M\u00e9xico que actualmente fortalece y homologa las 173 estaciones s\u00edsmicas en la Ciudad, con lo que se busca que sea una de las urbes s\u00edsmicamente mejor instrumentadas del mundo.<\/p>\n\n\n\n<p>Igualmente, expuso que se realiz\u00f3 el levantamiento de laderas y peligro de la CDMX y se est\u00e1n evaluando propuestas de instrumentaci\u00f3n y monitoreo en cuatro laderas de la Ciudad para prevenir tragedias en m\u00e1s de 30 zonas de alto riesgo en las alcald\u00edas; adicionalmente, se habilit\u00f3 la p\u00e1gina web para el pron\u00f3stico de ca\u00edda de ceniza.<\/p>\n\n\n\n<p>Por \u00faltimo, Jorge Zavala Hidalgo, director del Instituto de Ciencias de la Atm\u00f3sfera y Cambio Clim\u00e1tico (ICAyCC), al presentar la Red de Calidad del Aire coment\u00f3 que desde hace varios a\u00f1os el estudio de la calidad del aire que se respira en la Ciudad de M\u00e9xico lleva a articular y coordinar los esfuerzos que se est\u00e1n haciendo en este campo.<\/p>\n\n\n\n<p>\u201cHay varios proyectos en la materia, como fortalecer la red de monitoreo de contaminantes con sensores de bajo costo, lo que abre la posibilidad del desarrollo de an\u00e1lisis de datos y dispositivos electr\u00f3nicos\u201d, coment\u00f3.<\/p>\n","protected":false},"excerpt":{"rendered":"<p>AutorDirecci\u00f3n General de Comunicaci\u00f3n Social, UNAMFecha de publicaci\u00f3n27 de junio de 2022Categor\u00edaBolet\u00edn \u2022 La Red busca propiciar una educaci\u00f3n m\u00e1s justa, equitativa y con investigaci\u00f3n colaborativa: Enrique Graue Wiechers\u2022 Cada una de las instituciones de la Red tiene proyectos; la diferencia es la participaci\u00f3n para atender problem\u00e1ticas en la CDMX: Rosaura Ruiz Guti\u00e9rrez\u2022 Se reunieron [&hellip;]<\/p>\n","protected":false},"author":2,"featured_media":0,"comment_status":"open","ping_status":"open","sticky":false,"template":"","format":"standard","meta":{"om_disable_all_campaigns":false,"_monsterinsights_skip_tracking":false,"_monsterinsights_sitenote_active":false,"_monsterinsights_sitenote_note":"","_monsterinsights_sitenote_category":0,"footnotes":""},"categories":[1],"tags":[],"class_list":["post-387","post","type-post","status-publish","format-standard","hentry","category-noticia"],"aioseo_notices":[],"_links":{"self":[{"href":"https:\/\/ciencianews.in\/index.php\/wp-json\/wp\/v2\/posts\/387","targetHints":{"allow":["GET"]}}],"collection":[{"href":"https:\/\/ciencianews.in\/index.php\/wp-json\/wp\/v2\/posts"}],"about":[{"href":"https:\/\/ciencianews.in\/index.php\/wp-json\/wp\/v2\/types\/post"}],"author":[{"embeddable":true,"href":"https:\/\/ciencianews.in\/index.php\/wp-json\/wp\/v2\/users\/2"}],"replies":[{"embeddable":true,"href":"https:\/\/ciencianews.in\/index.php\/wp-json\/wp\/v2\/comments?post=387"}],"version-history":[{"count":1,"href":"https:\/\/ciencianews.in\/index.php\/wp-json\/wp\/v2\/posts\/387\/revisions"}],"predecessor-version":[{"id":388,"href":"https:\/\/ciencianews.in\/index.php\/wp-json\/wp\/v2\/posts\/387\/revisions\/388"}],"wp:attachment":[{"href":"https:\/\/ciencianews.in\/index.php\/wp-json\/wp\/v2\/media?parent=387"}],"wp:term":[{"taxonomy":"category","embeddable":true,"href":"https:\/\/ciencianews.in\/index.php\/wp-json\/wp\/v2\/categories?post=387"},{"taxonomy":"post_tag","embeddable":true,"href":"https:\/\/ciencianews.in\/index.php\/wp-json\/wp\/v2\/tags?post=387"}],"curies":[{"name":"wp","href":"https:\/\/api.w.org\/{rel}","templated":true}]}}