{"id":433,"date":"2022-07-20T14:41:52","date_gmt":"2022-07-20T19:41:52","guid":{"rendered":"http:\/\/ciencianews.in\/?p=433"},"modified":"2022-07-20T14:41:55","modified_gmt":"2022-07-20T19:41:55","slug":"amplia-ipn-colaboracion-con-suiza-en-materia-de-innovacion","status":"publish","type":"post","link":"https:\/\/ciencianews.in\/index.php\/2022\/07\/20\/amplia-ipn-colaboracion-con-suiza-en-materia-de-innovacion\/","title":{"rendered":"Ampl\u00eda IPN colaboraci\u00f3n con Suiza en materia de innovaci\u00f3n"},"content":{"rendered":"\n<p><strong>Autor<\/strong><br>Instituto Polit\u00e9cnico Nacional (IPN)<br><strong>Fecha de publicaci\u00f3n<\/strong><br>19 de julio 2022<br><strong>Categor\u00eda<\/strong><br>Comunicado<\/p>\n\n\n\n<p>El director general del Instituto Polit\u00e9cnico Nacional (IPN), Arturo Reyes Sandoval, se reuni\u00f3 con el embajador de Suiza en M\u00e9xico, Pietro Piffaretti, para explorar posibilidades de colaboraci\u00f3n conjunta en materia de ciencia, tecnolog\u00eda y aplicaci\u00f3n de innovaciones, como parte de la estrategia de internacionalizaci\u00f3n que realiza el instituto.<\/p>\n\n\n\n<p>Durante el encuentro, Reyes Sandoval dijo que en el IPN existe gran potencial de cooperaci\u00f3n en personal, proyectos e infraestructura, ya que cuenta con 220 mil estudiantes de nivel medio superior, superior y posgrado, y m\u00e1s de un mill\u00f3n de egresados.<\/p>\n\n\n\n<p>\u201cTenemos 20 centros de investigaci\u00f3n con calidad internacional, desde el noroeste hasta el sureste, distribuidos en todo M\u00e9xico y varios centros de innovaci\u00f3n, en los cuales se desarrollan proyectos para las empresas de acuerdo con las necesidades de la industria regional.\u201d<\/p>\n\n\n\n<p>Reyes Sandoval afirm\u00f3 que se han hecho grandes esfuerzos para definir estrategias de investigaci\u00f3n e innovaci\u00f3n, con base en las necesidades de las regiones a trav\u00e9s de los 12 Centros de Vinculaci\u00f3n y Desarrollo Regional (CVDR) en la Rep\u00fablica, dos Centros de Innovaci\u00f3n e Integraci\u00f3n de Tecnolog\u00edas Avanzadas (CIITA) en Ciudad Ju\u00e1rez, Chihuahua, y en Papantla, Veracruz.<\/p>\n\n\n\n<p>\u201cSe hizo un levantamiento de las necesidades sociales y empresariales en los distintos estados de la Rep\u00fablica y a trav\u00e9s de Tecn\u00f3poli, que es un \u00e1rea capaz de generar an\u00e1lisis de prospectiva y perspectiva tecnol\u00f3gica, con m\u00e1s de 86 bases de datos internacionales. As\u00ed, la innovaci\u00f3n y e investigaci\u00f3n est\u00e1n enfocadas a cubrir los problemas sociales con la intervenci\u00f3n de \u00e1reas multidisciplinarias\u201d, explic\u00f3 el titular del IPN.<\/p>\n\n\n\n<p>A su vez, el embajador Piffaretti extern\u00f3 el inter\u00e9s de explorar las posibilidades de cooperaci\u00f3n y el fortalecimiento de la relaci\u00f3n internacional a trav\u00e9s del conocimiento del ecosistema de innovaci\u00f3n que se realiza en el IPN, y compartir los esquemas utilizados en Suiza para traducir los resultados en aplicaciones concretas empresariales para generar oportunidades de empleo y crecimiento.<\/p>\n\n\n\n<p>Reconoci\u00f3 el nivel de complejidad del modelo de innovaci\u00f3n que se desarrolla en el IPN, que integra los proyectos desde varias perspectivas, desde el an\u00e1lisis de necesidades de una regi\u00f3n, de las colectividades y de la industria, acorde con las necesidades cada zona geogr\u00e1fica, por lo que no descart\u00f3 la posibilidad de lograr una cooperaci\u00f3n concreta en materia de innovaci\u00f3n tecnol\u00f3gica.<\/p>\n\n\n\n<p>Al participar en la reuni\u00f3n mediante una videoconferencia, la embajadora de M\u00e9xico en Suiza, Marcela Jacer, resalt\u00f3 la relevancia de enlazar la innovaci\u00f3n con las actividades econ\u00f3micas. \u201cEs muy importante que los centros de innovaci\u00f3n est\u00e9n vinculados con los empresarios, que son quienes van a aprovechar y capitalizar esta innovaci\u00f3n\u201d, dijo.<\/p>\n\n\n\n<p>En la reuni\u00f3n estuvieron presentes el secretario de Innovaci\u00f3n e Integraci\u00f3n Social del IPN, Ricardo Monterrubio L\u00f3pez; el coordinador general de Planeaci\u00f3n e Informaci\u00f3n Institucional, Orlando David Parada Vicente; y la secretaria de Servicios Educativos, Ana Lilia Coria P\u00e1ez.<\/p>\n\n\n\n<p>El trabajo coordinado de internacionalizaci\u00f3n que se realiza en el IPN, y que se ha fijado como una de las principales estrategias de la actual administraci\u00f3n, se formaliz\u00f3 como eje transversal del Programa de Desarrollo Institucional de Mediano Plazo y a trav\u00e9s del Comit\u00e9 de Internacionalizaci\u00f3n, cuyo objetivo es coordinar los esfuerzos en esta materia.<\/p>\n\n\n\n<p>&#8212;&#8212;&#8212;&#8212;&#8212;&#8212;&#8212;&#8212;&#8212;&#8212;&#8212;&#8212;&#8212;&#8212;&#8212;-<br><a href=\"mailto:samcarbajalreportera@gmail.com\">samcarbajalreportera@gmail.com<\/a><\/p>\n","protected":false},"excerpt":{"rendered":"<p>AutorInstituto Polit\u00e9cnico Nacional (IPN)Fecha de publicaci\u00f3n19 de julio 2022Categor\u00edaComunicado El director general del Instituto Polit\u00e9cnico Nacional (IPN), Arturo Reyes Sandoval, se reuni\u00f3 con el embajador de Suiza en M\u00e9xico, Pietro Piffaretti, para explorar posibilidades de colaboraci\u00f3n conjunta en materia de ciencia, tecnolog\u00eda y aplicaci\u00f3n de innovaciones, como parte de la estrategia de internacionalizaci\u00f3n que realiza [&hellip;]<\/p>\n","protected":false},"author":2,"featured_media":0,"comment_status":"open","ping_status":"open","sticky":false,"template":"","format":"standard","meta":{"om_disable_all_campaigns":false,"_monsterinsights_skip_tracking":false,"_monsterinsights_sitenote_active":false,"_monsterinsights_sitenote_note":"","_monsterinsights_sitenote_category":0,"footnotes":""},"categories":[1],"tags":[],"class_list":["post-433","post","type-post","status-publish","format-standard","hentry","category-noticia"],"aioseo_notices":[],"_links":{"self":[{"href":"https:\/\/ciencianews.in\/index.php\/wp-json\/wp\/v2\/posts\/433","targetHints":{"allow":["GET"]}}],"collection":[{"href":"https:\/\/ciencianews.in\/index.php\/wp-json\/wp\/v2\/posts"}],"about":[{"href":"https:\/\/ciencianews.in\/index.php\/wp-json\/wp\/v2\/types\/post"}],"author":[{"embeddable":true,"href":"https:\/\/ciencianews.in\/index.php\/wp-json\/wp\/v2\/users\/2"}],"replies":[{"embeddable":true,"href":"https:\/\/ciencianews.in\/index.php\/wp-json\/wp\/v2\/comments?post=433"}],"version-history":[{"count":1,"href":"https:\/\/ciencianews.in\/index.php\/wp-json\/wp\/v2\/posts\/433\/revisions"}],"predecessor-version":[{"id":434,"href":"https:\/\/ciencianews.in\/index.php\/wp-json\/wp\/v2\/posts\/433\/revisions\/434"}],"wp:attachment":[{"href":"https:\/\/ciencianews.in\/index.php\/wp-json\/wp\/v2\/media?parent=433"}],"wp:term":[{"taxonomy":"category","embeddable":true,"href":"https:\/\/ciencianews.in\/index.php\/wp-json\/wp\/v2\/categories?post=433"},{"taxonomy":"post_tag","embeddable":true,"href":"https:\/\/ciencianews.in\/index.php\/wp-json\/wp\/v2\/tags?post=433"}],"curies":[{"name":"wp","href":"https:\/\/api.w.org\/{rel}","templated":true}]}}