{"id":438,"date":"2022-07-22T10:00:00","date_gmt":"2022-07-22T15:00:00","guid":{"rendered":"http:\/\/ciencianews.in\/?p=438"},"modified":"2022-07-22T03:21:47","modified_gmt":"2022-07-22T08:21:47","slug":"acrecentar-la-cultura-de-planeacion-territorial-demanda-mas-geografos","status":"publish","type":"post","link":"https:\/\/ciencianews.in\/index.php\/2022\/07\/22\/acrecentar-la-cultura-de-planeacion-territorial-demanda-mas-geografos\/","title":{"rendered":"Acrecentar la cultura de planeaci\u00f3n territorial demanda m\u00e1s ge\u00f3grafos"},"content":{"rendered":"\n<p><strong>Autor<\/strong><br>Direcci\u00f3n General de Comunicaci\u00f3n Social UNAM<br><strong>Fecha de publicaci\u00f3n<\/strong><br>21 de julio 2022<br><strong>Categor\u00eda<\/strong><br>Bolet\u00edn<\/p>\n\n\n\n<p><em>\u2022 Somos reactivos, una vez que suceden los eventos nos ponemos en acci\u00f3n para mitigarlos; hay que ser proactivos, afirma Mar\u00eda Teresa S\u00e1nchez Salazar, en ocasi\u00f3n del D\u00eda del Ge\u00f3grafo en M\u00e9xico<\/em><\/p>\n\n\n\n<p>Con miras al futuro, cada d\u00eda es m\u00e1s evidente la necesidad de un mayor n\u00famero de ge\u00f3grafos en M\u00e9xico, toda vez que gran parte de los problemas que vivimos relacionados con el territorio tienen que ver con falta de planeaci\u00f3n, asegura la investigadora del Instituto de Geograf\u00eda (IGg) de la UNAM, Mar\u00eda Teresa S\u00e1nchez Salazar.<\/p>\n\n\n\n<p>En entrevista refiere que aun cuando no existen cifras recientes, de acuerdo con datos de 2005 del Observatorio Laboral de la Secretar\u00eda del Trabajo y Previsi\u00f3n Social, en ese a\u00f1o el pa\u00eds contaba con cuatro mil 400 profesionales en la materia.<\/p>\n\n\n\n<p>El grupo de ge\u00f3grafos es reducido y la mayor\u00eda se concentran en el centro del pa\u00eds: Ciudad de M\u00e9xico, Toluca y Quer\u00e9taro; faltan en las regiones norte y sur-sureste, especialmente, expresa en ocasi\u00f3n del D\u00eda del Ge\u00f3grafo en M\u00e9xico, que se celebra el 23 de julio.<\/p>\n\n\n\n<p>Aunque su campo natural ha sido la docencia, estos expertos trabajan cada vez m\u00e1s en el sector p\u00fablico como: el Instituto Nacional de Estad\u00edstica y Geograf\u00eda; Consejo Nacional de Poblaci\u00f3n; Protecci\u00f3n Civil del Centro Nacional de Prevenci\u00f3n de Desastres; consultor\u00edas privadas para elaborar Atlas de Riesgos; Secretar\u00eda de Medio Ambiente y Recursos Naturales, as\u00ed como en la Comisi\u00f3n Nacional para el Conocimiento y Uso de la Biodiversidad.<\/p>\n\n\n\n<p>S\u00e1nchez Salazar estima que en M\u00e9xico \u201cno tenemos una cultura de planeaci\u00f3n territorial que sea m\u00e1s integral, incluso en los \u00faltimos a\u00f1os hemos ido en retroceso. Necesitamos saber&nbsp;<em>a priori<\/em>&nbsp;qu\u00e9 elementos del territorio se ven afectados si yo realizo una acci\u00f3n; hay que saber c\u00f3mo mitigarlas antes de realizar las obras\u201d.<\/p>\n\n\n\n<p>Hasta ahora hemos tenido una cultura de reacci\u00f3n. \u201cSomos reactivos, una vez que pasan las cosas nos ponemos en acci\u00f3n para poder mitigar los eventos. Pero hay que ser proactivos, adelantarse a lo que puede suceder y, precisamente, la planeaci\u00f3n territorial para eso sirve\u201d, enfatiza.<\/p>\n\n\n\n<h2 class=\"wp-block-heading\"><strong>Impulso en la UNAM<\/strong><\/h2>\n\n\n\n<p>\u201cLa primera licenciatura que tuvimos es la de la UNAM, en la Facultad de Filosof\u00eda y Letras; la carrera de Geograf\u00eda se fund\u00f3 en 1943. Otras carreras esperaron hasta la d\u00e9cada de 1970 y 1980; en la Universidad Aut\u00f3noma del Estado de M\u00e9xico en 1977, en la Universidad de Guadalajara en 1980 y luego esperamos hasta el siglo XXI para que siguiera creciendo el n\u00famero de carreras al interior del pa\u00eds, por ejemplo, en la Universidad Aut\u00f3noma de San Luis Potos\u00ed, en la Universidad Veracruzana, la Aut\u00f3noma de Guerrero y la de Guanajuato, que fue una de las \u00faltimas\u201d, externa.<\/p>\n\n\n\n<p>Adem\u00e1s, en la UNAM se cre\u00f3 en 2018 la licenciatura en Geograf\u00eda Aplicada en la Escuela Nacional de Estudios Superiores (ENES) Unidad M\u00e9rida; en la Escuela Nacional de Ciencias de la Tierra se comenz\u00f3 a impartir en 2020.<\/p>\n\n\n\n<p>Otra es Desarrollo Territorial que est\u00e1 enfocada a aspectos sociales y econ\u00f3micos, la cual se ofrece en la ENES Le\u00f3n. \u201cTanto en la UNAM como en otras entidades acad\u00e9micas hay tambi\u00e9n posgrados en Geograf\u00eda\u201d, abunda.<\/p>\n\n\n\n<p>En el rubro de investigaci\u00f3n, la entidad m\u00e1s importante del pa\u00eds es el Instituto de Geograf\u00eda de la UNAM. En el&nbsp;<em>campus<\/em>&nbsp;Morelia se cre\u00f3 el Centro de Investigaciones en Geograf\u00eda Ambiental. \u201cEn estas dos entidades tenemos la mayor investigaci\u00f3n geogr\u00e1fica, aunque en el resto de las instituciones de educaci\u00f3n superior tambi\u00e9n se realiza\u201d, asevera.<\/p>\n\n\n\n<p>Cada vez hay m\u00e1s demanda en el pa\u00eds para resolver los problemas del territorio a partir de la perspectiva geogr\u00e1fica; esta disciplina se ha revalorizado, pues expertos de otras \u00e1reas estudian posgrados en la materia para capacitarse y adquirir los conceptos, porque se ha visto la utilidad para nutrir a otras ciencias y a las geotecnolog\u00edas.<\/p>\n\n\n\n<h2 class=\"wp-block-heading\"><strong>Multidisciplinaria<\/strong><\/h2>\n\n\n\n<p>La experta explica que la Geograf\u00eda es una disciplina relacionada con los problemas de la sociedad y con el espacio en que vivimos los humanos; pas\u00f3 de ser descriptiva de los elementos naturales y sociales que hay en el espacio, a ser anal\u00edtica, sint\u00e9tica y estudiosa mediante las humanidades y la tecnolog\u00eda para solucionar problemas reales en el territorio.<\/p>\n\n\n\n<p>Por ser multi, inter y transdisciplinaria por naturaleza analiza los hechos, fen\u00f3menos y procesos que se dan en el espacio desde una perspectiva multidimensional: por un lado, est\u00e1 el espacio f\u00edsico (constituido por el sustrato geol\u00f3gico, el relieve, el clima, el agua superficial y subterr\u00e1nea, la flora y la fauna), que da un determinado paisaje; por el otro, est\u00e1 la sociedad. Es eminentemente una ciencia social, humana, y el estudio del territorio siempre se va a llevar a cabo a partir de la perspectiva del ser humano, acota.<\/p>\n\n\n\n<p>La jefa del Departamento de Geograf\u00eda Econ\u00f3mica del IGg apunta: el ser humano es un componente complejo, porque en \u00e9l analizamos aspectos demogr\u00e1ficos, caracter\u00edsticas sociales y econ\u00f3micas (lo que tiene que ver con el empleo, educaci\u00f3n, acceso a la salud), as\u00ed como culturales relacionados con la evoluci\u00f3n hist\u00f3rica de la sociedad, todo en un marco pol\u00edtico.<\/p>\n\n\n\n<p>Las relaciones que se dan entre la naturaleza y la sociedad ocurren con base en normatividad, instituciones y pol\u00edticas gubernamentales. \u201cLa Geograf\u00eda trata de entender esa realidad territorial con la suma de sus complejas interrelaciones entre la naturaleza y la sociedad\u201d, asegura.<\/p>\n\n\n\n<p>Esta ciencia, prosigue, se anticip\u00f3 a la multidisciplina por su propia naturaleza, incluye aspectos naturales, sociales, culturales, econ\u00f3micos y pol\u00edticos que interact\u00faan en un espacio que es donde vive el ser humano, y no los estudia aislados, sino como un complejo integral. La realidad solo se puede entender si la vemos en sus m\u00faltiples dimensiones. Eso es lo que le da identidad.<\/p>\n\n\n\n<p>Esas relaciones se tienen que estudiar en distintas escalas (local, regional, nacional e internacional). \u201cLa mayor parte de los problemas se insertan en un territorio y afectan las relaciones que se dan en \u00e9l, y los problemas no son simples, sino complejos. Esa complejidad hace que las soluciones tambi\u00e9n sean complejas\u201d, estima.<\/p>\n\n\n\n<p>De acuerdo con la experta universitaria, tiene un origen human\u00edstico, es de las disciplinas m\u00e1s antiguas y su t\u00e9rmino se acu\u00f1\u00f3 desde los griegos. En su desarrollo, los pa\u00edses con m\u00e1s tradici\u00f3n la han vinculado con las humanidades. Pero como su objeto de estudio es el espacio, sus herramientas, como la cartograf\u00eda que es su medio de an\u00e1lisis y de expresi\u00f3n natural, se modernizaron con la tecnolog\u00eda y los instrumentos para el estudio del territorio cambiaron.<\/p>\n\n\n\n<p>\u201cLa cartograf\u00eda hoy se hace por medios automatizados. Existen los sistemas de informaci\u00f3n geogr\u00e1fica que con informaci\u00f3n georreferenciada permiten hacer an\u00e1lisis espaciales y de relaciones entre \u00e1reas\u201d.<\/p>\n\n\n\n<p>Existen las im\u00e1genes de sat\u00e9lite, diferentes seg\u00fan el objetivo de los estudios, y las que toman los drones. Ambas se procesan de inmediato y pueden dar respuesta a un desastre, como una inundaci\u00f3n o temblor.<\/p>\n\n\n\n<p>\u201cDe eso la Geograf\u00eda no se puede deslindar. Tiene que subir al carro de la modernizaci\u00f3n tecnol\u00f3gica, y si bien los principios que sustentan la disciplina los proporciona la propia ciencia, los medios para hacer las cosas ahora los proporcionan todas estas herramientas geotecnol\u00f3gicas\u201d, recalca S\u00e1nchez Salazar.<\/p>\n\n\n\n<p>Los grandes temas que la ocupan son diversos y tienen un efecto en el espacio. Por ejemplo la degradaci\u00f3n de los paisajes naturales, la manera como se utilizan los recursos (agua, suelos, impacto ambiental), cada vez con m\u00e1s \u00e9nfasis en la sustentabilidad; los conflictos socio-territoriales; el calentamiento global y las consecuencias econ\u00f3micas y sociales de eventos meteorol\u00f3gicos que cada vez son m\u00e1s extremos; la relaci\u00f3n de estos peligros y amenazas con la vulnerabilidad de la poblaci\u00f3n, as\u00ed como la capacidad de resiliencia social y de mitigaci\u00f3n de los da\u00f1os del patrimonio y la sociedad cuando ocurre un suceso.<\/p>\n\n\n\n<p>Otros estudios importantes son: los efectos de la globalizaci\u00f3n econ\u00f3mica en los espacios, en el empleo; el tema de las migraciones que se generaron por los traslados de empresas; el abandono del campo; la movilidad de personas a trav\u00e9s del territorio y los problemas transfronterizos; el desarrollo socioecon\u00f3mico; la pobreza; los desequilibrios regionales y de qu\u00e9 manera estos rasgos de la Geograf\u00eda han influido en estas situaciones.<br>&#8212;&#8212;&#8212;&#8212;&#8212;&#8212;&#8212;&#8212;&#8212;&#8212;&#8212;&#8212;&#8212;&#8212;&#8212;-<br><a href=\"mailto:samcarbajalreportera@gmail.com\">samcarbajalreportera@gmail.com<\/a><\/p>\n","protected":false},"excerpt":{"rendered":"<p>AutorDirecci\u00f3n General de Comunicaci\u00f3n Social UNAMFecha de publicaci\u00f3n21 de julio 2022Categor\u00edaBolet\u00edn \u2022 Somos reactivos, una vez que suceden los eventos nos ponemos en acci\u00f3n para mitigarlos; hay que ser proactivos, afirma Mar\u00eda Teresa S\u00e1nchez Salazar, en ocasi\u00f3n del D\u00eda del Ge\u00f3grafo en M\u00e9xico Con miras al futuro, cada d\u00eda es m\u00e1s evidente la necesidad de [&hellip;]<\/p>\n","protected":false},"author":2,"featured_media":0,"comment_status":"open","ping_status":"open","sticky":false,"template":"","format":"standard","meta":{"om_disable_all_campaigns":false,"_monsterinsights_skip_tracking":false,"_monsterinsights_sitenote_active":false,"_monsterinsights_sitenote_note":"","_monsterinsights_sitenote_category":0,"footnotes":""},"categories":[1],"tags":[],"class_list":["post-438","post","type-post","status-publish","format-standard","hentry","category-noticia"],"aioseo_notices":[],"_links":{"self":[{"href":"https:\/\/ciencianews.in\/index.php\/wp-json\/wp\/v2\/posts\/438","targetHints":{"allow":["GET"]}}],"collection":[{"href":"https:\/\/ciencianews.in\/index.php\/wp-json\/wp\/v2\/posts"}],"about":[{"href":"https:\/\/ciencianews.in\/index.php\/wp-json\/wp\/v2\/types\/post"}],"author":[{"embeddable":true,"href":"https:\/\/ciencianews.in\/index.php\/wp-json\/wp\/v2\/users\/2"}],"replies":[{"embeddable":true,"href":"https:\/\/ciencianews.in\/index.php\/wp-json\/wp\/v2\/comments?post=438"}],"version-history":[{"count":1,"href":"https:\/\/ciencianews.in\/index.php\/wp-json\/wp\/v2\/posts\/438\/revisions"}],"predecessor-version":[{"id":439,"href":"https:\/\/ciencianews.in\/index.php\/wp-json\/wp\/v2\/posts\/438\/revisions\/439"}],"wp:attachment":[{"href":"https:\/\/ciencianews.in\/index.php\/wp-json\/wp\/v2\/media?parent=438"}],"wp:term":[{"taxonomy":"category","embeddable":true,"href":"https:\/\/ciencianews.in\/index.php\/wp-json\/wp\/v2\/categories?post=438"},{"taxonomy":"post_tag","embeddable":true,"href":"https:\/\/ciencianews.in\/index.php\/wp-json\/wp\/v2\/tags?post=438"}],"curies":[{"name":"wp","href":"https:\/\/api.w.org\/{rel}","templated":true}]}}