{"id":489,"date":"2022-07-30T12:00:00","date_gmt":"2022-07-30T17:00:00","guid":{"rendered":"http:\/\/ciencianews.in\/?p=489"},"modified":"2022-07-29T23:33:16","modified_gmt":"2022-07-30T04:33:16","slug":"stratum-muestra-el-impacto-del-ser-humano-en-el-planeta","status":"publish","type":"post","link":"https:\/\/ciencianews.in\/index.php\/2022\/07\/30\/stratum-muestra-el-impacto-del-ser-humano-en-el-planeta\/","title":{"rendered":"STRATUM muestra el impacto del ser humano en el planeta"},"content":{"rendered":"\n<p><strong>Autor<\/strong><br>Direcci\u00f3n General de Comunicaci\u00f3n Social UNAM<br><strong>Fecha de publicaci\u00f3n<\/strong><br>29 de julio 2022<br><strong>Categor\u00eda<\/strong><br>Bolet\u00edn<\/p>\n\n\n\n<p><em>\u2022 Es una intervenci\u00f3n geo-est\u00e9tica del artista Luis Carrera-Maul con la curadur\u00eda de Peter Krieger, que ofrece miradas alternativas a los problemas ambientales<\/em><em><br>\u2022 Ser\u00e1 inaugurada ma\u00f1ana s\u00e1bado en el MUCA de CU; entrada gratuita<\/em><\/p>\n\n\n\n<p>Un paisaje monumental construido a partir de desechos de cer\u00e1mica y charolas de siembra de unicel constituyen la intervenci\u00f3n geo-est\u00e9tica STRATUM, presentada por el artista Luis Carrera-Maul y la curadur\u00eda de Peter Krieger, especialista del Instituto de Investigaciones Est\u00e9ticas (IIE) de la UNAM.<\/p>\n\n\n\n<p>La muestra ser\u00e1 inaugurada ma\u00f1ana s\u00e1bado 30 de julio en el Museo Universitario de Ciencias y Artes (MUCA), en Ciudad Universitaria, y permanecer\u00e1 abierta hasta el 29 de octubre del presente a\u00f1o. Este trabajo estimula debates sobre el manejo no-sustentable del planeta y ofrece miradas alternativas a los problemas ambientales.<\/p>\n\n\n\n<p>La cer\u00e1mica y el unicel, como componentes, aluden a la alteraci\u00f3n de los suelos por la producci\u00f3n industrial. No obstante, mientras la primera es un material anorg\u00e1nico extra\u00eddo de la tierra, el segundo es una sustancia sint\u00e9tica y t\u00f3xica que tarda siglos en descomponerse.<\/p>\n\n\n\n<p>De esta manera, explicaron los creadores de la muestra, en la instalaci\u00f3n colisionan dos temporalidades: los breves ciclos de la extracci\u00f3n-producci\u00f3n-desecho de la cer\u00e1mica, contra la persistencia del unicel.<\/p>\n\n\n\n<p>La intervenci\u00f3n articula y tensiona problemas clave de la ecolog\u00eda: el manejo no sustentable de los suelos, los procesos de sedimentaci\u00f3n por basura, la propagaci\u00f3n vegetal bajo condiciones adversas, entre otros.<\/p>\n\n\n\n<p>STRATUM \u2013cuyo acceso ser\u00e1 gratuito\u2013 ofrece miradas alternativas al manejo irresponsable del planeta Tierra; adem\u00e1s, invita al di\u00e1logo interdisciplinario entre ciencias, humanidades y pol\u00edticas ambientales.<\/p>\n\n\n\n<p>Aunado a la instalaci\u00f3n f\u00edsica, un programa acad\u00e9mico acompa\u00f1a a esta actividad: 12 c\u00e1psulas con entrevistas, en las cuales se comenta la obra a partir de diferentes perspectivas disciplinarias, como Geolog\u00eda, Biolog\u00eda, Edafolog\u00eda y otras ciencias de la sustentabilidad, adem\u00e1s de Arquitectura y Urbanismo.\u00a0<\/p>\n\n\n\n<p>Asimismo, se realizar\u00e1 un coloquio en el auditorio del MUCA el 21 de septiembre, sobre el concepto y los proyectos de la geo-est\u00e9tica. Participan diversas entidades de la UNAM, como el IIE, la Reserva Ecol\u00f3gica del Pedregal de San \u00c1ngel, el Programa Universitario de Estudios Interdisciplinarios del Suelo, el Instituto de Geof\u00edsica, la Coordinaci\u00f3n Universitaria para la Sustentabilidad y la Facultad de Artes y Dise\u00f1o.<\/p>\n\n\n\n<p>Como evento especial se incluir\u00e1 un taller sobre bot\u00e1nica constructiva (Baubotanik), impartido por el arquitecto alem\u00e1n Hannes Schwertfeger, concepto innovador, a\u00fan no difundido en M\u00e9xico.<\/p>\n\n\n\n<p>Para mayor informaci\u00f3n, se puede consultar el sitio:\u00a0<a href=\"https:\/\/muca.unam.mx\/stratum.html\">https:\/\/muca.unam.mx\/stratum.html<\/a><\/p>\n\n\n\n<p>&#8212;&#8212;&#8212;&#8212;&#8212;&#8212;&#8212;&#8212;&#8212;&#8212;&#8212;&#8212;&#8212;&#8212;&#8212;<br><a href=\"mailto:samcarbajalreportera@gmail.com\">samcarbajalreportera@gmail.com<\/a><\/p>\n","protected":false},"excerpt":{"rendered":"<p>AutorDirecci\u00f3n General de Comunicaci\u00f3n Social UNAMFecha de publicaci\u00f3n29 de julio 2022Categor\u00edaBolet\u00edn \u2022 Es una intervenci\u00f3n geo-est\u00e9tica del artista Luis Carrera-Maul con la curadur\u00eda de Peter Krieger, que ofrece miradas alternativas a los problemas ambientales\u2022 Ser\u00e1 inaugurada ma\u00f1ana s\u00e1bado en el MUCA de CU; entrada gratuita Un paisaje monumental construido a partir de desechos de cer\u00e1mica [&hellip;]<\/p>\n","protected":false},"author":2,"featured_media":0,"comment_status":"open","ping_status":"open","sticky":false,"template":"","format":"standard","meta":{"om_disable_all_campaigns":false,"_monsterinsights_skip_tracking":false,"_monsterinsights_sitenote_active":false,"_monsterinsights_sitenote_note":"","_monsterinsights_sitenote_category":0,"footnotes":""},"categories":[1],"tags":[],"class_list":["post-489","post","type-post","status-publish","format-standard","hentry","category-noticia"],"aioseo_notices":[],"_links":{"self":[{"href":"https:\/\/ciencianews.in\/index.php\/wp-json\/wp\/v2\/posts\/489","targetHints":{"allow":["GET"]}}],"collection":[{"href":"https:\/\/ciencianews.in\/index.php\/wp-json\/wp\/v2\/posts"}],"about":[{"href":"https:\/\/ciencianews.in\/index.php\/wp-json\/wp\/v2\/types\/post"}],"author":[{"embeddable":true,"href":"https:\/\/ciencianews.in\/index.php\/wp-json\/wp\/v2\/users\/2"}],"replies":[{"embeddable":true,"href":"https:\/\/ciencianews.in\/index.php\/wp-json\/wp\/v2\/comments?post=489"}],"version-history":[{"count":1,"href":"https:\/\/ciencianews.in\/index.php\/wp-json\/wp\/v2\/posts\/489\/revisions"}],"predecessor-version":[{"id":490,"href":"https:\/\/ciencianews.in\/index.php\/wp-json\/wp\/v2\/posts\/489\/revisions\/490"}],"wp:attachment":[{"href":"https:\/\/ciencianews.in\/index.php\/wp-json\/wp\/v2\/media?parent=489"}],"wp:term":[{"taxonomy":"category","embeddable":true,"href":"https:\/\/ciencianews.in\/index.php\/wp-json\/wp\/v2\/categories?post=489"},{"taxonomy":"post_tag","embeddable":true,"href":"https:\/\/ciencianews.in\/index.php\/wp-json\/wp\/v2\/tags?post=489"}],"curies":[{"name":"wp","href":"https:\/\/api.w.org\/{rel}","templated":true}]}}