{"id":519,"date":"2022-08-03T10:00:00","date_gmt":"2022-08-03T15:00:00","guid":{"rendered":"http:\/\/ciencianews.in\/?p=519"},"modified":"2022-08-02T18:36:26","modified_gmt":"2022-08-02T23:36:26","slug":"inauguran-en-la-unam-laboratorio-de-inteligencia-artificial-y-alta-tecnologia","status":"publish","type":"post","link":"https:\/\/ciencianews.in\/index.php\/2022\/08\/03\/inauguran-en-la-unam-laboratorio-de-inteligencia-artificial-y-alta-tecnologia\/","title":{"rendered":"Inauguran en la UNAM Laboratorio de Inteligencia Artificial y Alta Tecnolog\u00eda"},"content":{"rendered":"\n<p><strong>Autor<\/strong><br>Direcci\u00f3n General de Comunicaci\u00f3n Social UNAM<br><strong>Fecha de publicaci\u00f3n<\/strong><br>02 de agosto 2022<br><strong>Categor\u00eda<\/strong><br>Bolet\u00edn<\/p>\n\n\n\n<p><em>\u2022 La ciencia de datos y la inteligencia artificial generar\u00e1n 5.5 billones de d\u00f3lares en 2030, se\u00f1al\u00f3 Enrique Graue Wiechers<\/em><em><br>\u2022 Es imperativo obtener patentes en innovaci\u00f3n, desarrollo tecnol\u00f3gico y capacidad digital, afirm\u00f3 Marcelo Ebrard Casaubon<br>\u2022 La colaboraci\u00f3n abierta conduce al \u00e9xito compartido, expres\u00f3 Cao Jibin<br>\u2022 Tambi\u00e9n se sign\u00f3 la carta de intenci\u00f3n de la Alianza para Promover el Desarrollo de Capacidades Digitales en M\u00e9xico, entre la Universidad Nacional, la SRE y Huawei<\/em><\/p>\n\n\n\n<p>El rector de la UNAM, Enrique Graue Wiechers; el secretario de Relaciones Exteriores, Marcelo Ebrard Casaubon; y el presidente regional de Huawei Latinoam\u00e9rica, Cao Jibin, inauguraron el Laboratorio de Inteligencia Artificial y Alta Tecnolog\u00eda, en el Instituto de Investigaciones en Matem\u00e1ticas Aplicadas y en Sistemas (IIMAS) de esta casa de estudios.<\/p>\n\n\n\n<p>Adem\u00e1s, firmaron la carta de intenci\u00f3n de la Alianza para Promover el Desarrollo de Capacidades Digitales en M\u00e9xico, cuyo objetivo es apoyar e incentivar proyectos de innovaci\u00f3n tecnol\u00f3gica, con \u00e9nfasis en inteligencia artificial y que contribuyan a la soluci\u00f3n de problem\u00e1ticas sociales.<\/p>\n\n\n\n<p>En la ceremonia, el rector agradeci\u00f3 la generosidad de la empresa Huawei y los buenos oficios de la canciller\u00eda mexicana para contar con el Laboratorio. Tambi\u00e9n subray\u00f3 el compromiso de la UNAM para sumarse de manera decidida a la generaci\u00f3n de proyectos innovadores, por lo cual ha instalado infraestructura adecuada en los \u00faltimos a\u00f1os y ha creado la licenciatura en Ciencia de Datos, y planes de estudio enfocados en inteligencia artificial.<\/p>\n\n\n\n<p>\u201cEs un compromiso que tenemos que asumir con toda fortaleza\u201d. Destac\u00f3 que la generaci\u00f3n de datos ha crecido vertiginosamente en los \u00faltimos a\u00f1os y se estima que el impacto econ\u00f3mico de estos y de la inteligencia artificial en la econom\u00eda global en 2030 ser\u00e1 de alrededor 5.5 billones de d\u00f3lares. En tanto, el uso de las computadoras ayudar\u00e1 a disminuir en cuatro por ciento las emisiones de gases de efecto invernadero.<\/p>\n\n\n\n<p>En su intervenci\u00f3n, el canciller Marcelo Ebrard se\u00f1al\u00f3 que la carta de intenci\u00f3n \u201cva a permitir que tengamos m\u00e1s investigadoras, investigadores que puedan desarrollar circuitos, algoritmos, sistemas complejos de c\u00e1lculo que nos permitan acelerar el paso [\u2026] si nosotros digitalizamos nuestra sociedad podr\u00edamos tener una cobertura financiera del 100 o 98 por ciento, con lo cual el potencial de crecimiento de la econom\u00eda, pues ser\u00eda muy superior\u201d.<\/p>\n\n\n\n<p>\u201cEl futuro de M\u00e9xico no est\u00e1 en otro lugar que en eso: o desarrollamos patentes en innovaci\u00f3n, desarrollo tecnol\u00f3gico y capacidad digital, o no vamos a pasar de 10 mil d\u00f3lares&nbsp;<em>per c\u00e1pita<\/em>&nbsp;en nuestro ingreso; ese es el imperativo categ\u00f3rico de M\u00e9xico\u201d, enfatiz\u00f3.<\/p>\n\n\n\n<p>En tanto, Cao Jibin expres\u00f3 que creen firmemente que la colaboraci\u00f3n abierta conduce al \u00e9xito compartido, por ello agradeci\u00f3 ser parte de la Alianza. \u201cJunto con la UNAM, el Ministerio de Relaciones Exteriores, la Agencia de Cooperaci\u00f3n Alemana para el Desarrollo Sostenible y todos los miembros, traeremos beneficios a M\u00e9xico y a los mexicanos\u201d.<\/p>\n\n\n\n<p>Hizo un reconocimiento al liderazgo acad\u00e9mico de la UNAM, referente en la inform\u00e1tica y la investigaci\u00f3n de sistemas, as\u00ed como en sus capacidades t\u00e9cnicas para gestionar el Laboratorio de Inteligencia Artificial y Alta Tecnolog\u00eda, con el equipo donado por Huawei. La participaci\u00f3n del gobierno federal es fundamental para crear un ambiente productivo que no deje a nadie atr\u00e1s, precis\u00f3.<br><br>Al continuar su mensaje, Graue Wiechers tambi\u00e9n record\u00f3 que hace 64 a\u00f1os la Universidad Nacional fue la pionera en Am\u00e9rica Latina al operar la primera computadora. Hoy cuenta con 92 mil ordenadores con conexi\u00f3n a internet, una docena de programas educativos y de investigaci\u00f3n en c\u00f3mputo e inteligencia artificial.<\/p>\n\n\n\n<h2 class=\"wp-block-heading\"><strong>Capital humano<\/strong><\/h2>\n\n\n\n<p>En el acto, efectuado en el Instituto de Investigaciones en Matem\u00e1ticas Aplicadas y en Sistemas (IIMAS) de la UNAM,\u00a0 y en donde se llev\u00f3 a cabo el Foro de Inteligencia Artificial Primeros Resultados, la secretaria de Desarrollo Institucional, de la Universidad Nacional, Patricia D\u00e1vila Aranda, celebr\u00f3 la iniciativa de la Alianza y sus esfuerzos en generar mayores capacidades en el capital humano de las universidades del pa\u00eds para enfrentar los constantes cambios tecnol\u00f3gicos, as\u00ed como los retos digitales, econ\u00f3micos y sociales.<\/p>\n\n\n\n<p>\u201cAl ser parte de esta Alianza, la UNAM ha logrado articular la participaci\u00f3n del IIMAS, del Instituto de Investigaciones Sociales, la DGTIC y la Coordinaci\u00f3n de Vinculaci\u00f3n y Transferencia Tecnol\u00f3gica, para reiterar su compromiso en capacitar a profesionales en el uso de tecnolog\u00edas innovadoras, as\u00ed como en la aplicaci\u00f3n de la inteligencia artificial y el desarrollo sostenible en beneficio de los grupos m\u00e1s vulnerables de nuestro pa\u00eds\u201d, asever\u00f3.<\/p>\n\n\n\n<p>En tanto, el director del IIMAS, Rams\u00e9s Humberto Mena Ch\u00e1vez, recalc\u00f3 que esta iniciativa promueve la participaci\u00f3n del gobierno, la academia y el sector privado -en particular los expertos en tecnolog\u00eda- para educar y construir un mundo conectado e inteligente, as\u00ed como para vigilar el buen uso de los desarrollos y las capacidades digitales.<\/p>\n\n\n\n<p>Tambi\u00e9n coment\u00f3 que como parte de esta estrategia en 2021 se emiti\u00f3 la primera convocatoria para presentar proyectos de investigaci\u00f3n de inteligencia artificial dentro del espacio de Innovaci\u00f3n UNAM-Huawei del cual ya existen resultados.<\/p>\n\n\n\n<p>Dora Luz Flores Guti\u00e9rrez, profesora e investigadora de la Facultad de Ingenier\u00eda, Arquitectura y Dise\u00f1o, de la Universidad Aut\u00f3noma de Baja California, quien habl\u00f3 en representaci\u00f3n de los integrantes de los 10 proyectos apoyados por la Alianza en 2021, quienes tuvieron acceso a recursos de c\u00f3mputo de alto desempe\u00f1o, a\u00f1adi\u00f3 que la colaboraci\u00f3n entre academia, sector productivo y gobierno puede lograr resultados eficaces, eficientes y en beneficio de todos.<\/p>\n\n\n\n<p>Prueba de ello, indic\u00f3, son los proyectos enfocados a la estimaci\u00f3n de la madurez de las fresas o d\u00e1tiles por medio de robots m\u00f3viles y el reconocimiento de rasgos; para el desarrollo de un prototipo de un sistema&nbsp;<em>web<\/em>&nbsp;de asistencia m\u00e9dica para la clasificaci\u00f3n de estudios mamogr\u00e1ficos, as\u00ed como el desarrollo de una herramienta de apoyo de identificaci\u00f3n de f\u00e1rmaco-resistencia de tuberculosis pulmonar, entre otros.<\/p>\n\n\n\n<p>En la ceremonia estuvieron tambi\u00e9n por parte de la UNAM: el secretario General, Leonardo Lomel\u00ed Vanegas; el coordinador de la Investigaci\u00f3n Cient\u00edfica, William Lee Alard\u00edn; y el director General de C\u00f3mputo y de Tecnolog\u00edas de Informaci\u00f3n y Comunicaci\u00f3n (DGTIC), H\u00e9ctor Ben\u00edtez P\u00e9rez, entre otros.<\/p>\n\n\n\n<p>&#8212;&#8212;&#8212;&#8212;&#8212;&#8212;&#8212;&#8212;&#8212;&#8212;&#8212;&#8212;&#8212;&#8212;&#8212;<br><a href=\"mailto:samcarbajalreportera@gmail.com\">samcarbajalreportera@gmail.com<\/a><\/p>\n","protected":false},"excerpt":{"rendered":"<p>AutorDirecci\u00f3n General de Comunicaci\u00f3n Social UNAMFecha de publicaci\u00f3n02 de agosto 2022Categor\u00edaBolet\u00edn \u2022 La ciencia de datos y la inteligencia artificial generar\u00e1n 5.5 billones de d\u00f3lares en 2030, se\u00f1al\u00f3 Enrique Graue Wiechers\u2022 Es imperativo obtener patentes en innovaci\u00f3n, desarrollo tecnol\u00f3gico y capacidad digital, afirm\u00f3 Marcelo Ebrard Casaubon\u2022 La colaboraci\u00f3n abierta conduce al \u00e9xito compartido, expres\u00f3 Cao [&hellip;]<\/p>\n","protected":false},"author":2,"featured_media":0,"comment_status":"open","ping_status":"open","sticky":false,"template":"","format":"standard","meta":{"om_disable_all_campaigns":false,"_monsterinsights_skip_tracking":false,"_monsterinsights_sitenote_active":false,"_monsterinsights_sitenote_note":"","_monsterinsights_sitenote_category":0,"footnotes":""},"categories":[1],"tags":[],"class_list":["post-519","post","type-post","status-publish","format-standard","hentry","category-noticia"],"aioseo_notices":[],"_links":{"self":[{"href":"https:\/\/ciencianews.in\/index.php\/wp-json\/wp\/v2\/posts\/519","targetHints":{"allow":["GET"]}}],"collection":[{"href":"https:\/\/ciencianews.in\/index.php\/wp-json\/wp\/v2\/posts"}],"about":[{"href":"https:\/\/ciencianews.in\/index.php\/wp-json\/wp\/v2\/types\/post"}],"author":[{"embeddable":true,"href":"https:\/\/ciencianews.in\/index.php\/wp-json\/wp\/v2\/users\/2"}],"replies":[{"embeddable":true,"href":"https:\/\/ciencianews.in\/index.php\/wp-json\/wp\/v2\/comments?post=519"}],"version-history":[{"count":1,"href":"https:\/\/ciencianews.in\/index.php\/wp-json\/wp\/v2\/posts\/519\/revisions"}],"predecessor-version":[{"id":520,"href":"https:\/\/ciencianews.in\/index.php\/wp-json\/wp\/v2\/posts\/519\/revisions\/520"}],"wp:attachment":[{"href":"https:\/\/ciencianews.in\/index.php\/wp-json\/wp\/v2\/media?parent=519"}],"wp:term":[{"taxonomy":"category","embeddable":true,"href":"https:\/\/ciencianews.in\/index.php\/wp-json\/wp\/v2\/categories?post=519"},{"taxonomy":"post_tag","embeddable":true,"href":"https:\/\/ciencianews.in\/index.php\/wp-json\/wp\/v2\/tags?post=519"}],"curies":[{"name":"wp","href":"https:\/\/api.w.org\/{rel}","templated":true}]}}