{"id":570,"date":"2022-08-23T20:53:07","date_gmt":"2022-08-24T01:53:07","guid":{"rendered":"http:\/\/ciencianews.in\/?p=570"},"modified":"2022-08-23T20:53:09","modified_gmt":"2022-08-24T01:53:09","slug":"fortalecen-ipn-e-imss-la-investigacion-clinica","status":"publish","type":"post","link":"https:\/\/ciencianews.in\/index.php\/2022\/08\/23\/fortalecen-ipn-e-imss-la-investigacion-clinica\/","title":{"rendered":"Fortalecen IPN e IMSS la investigaci\u00f3n cl\u00ednica"},"content":{"rendered":"\n<p><strong>Autor<\/strong><br>Instituto Polit\u00e9cnico Nacional (IPN) \u00a0<br><strong>Fecha de publicaci\u00f3n<\/strong><br>23 de agosto 2022<br><strong>Categor\u00eda<\/strong><br>Comunicado<\/p>\n\n\n\n<p>Durante la clausura del 8\u00ba Encuentro de Investigaci\u00f3n Cl\u00ednica, el director general del IPN, Arturo Reyes Sandoval, acompa\u00f1ado de la coordinadora de Investigaci\u00f3n en Salud del IMSS, Laura Bonifaz Alfonzo, expres\u00f3 su benepl\u00e1cito por los m\u00e9dicos que se han incorporado a esta disciplina.<\/p>\n\n\n\n<p>\u201cLo m\u00e1s importante es que van a beneficiar a sus pacientes, porque el avance de la ciencia permite que reciban mejor atenci\u00f3n con nuevos f\u00e1rmacos, tratamientos y vacunas, las cuales pueden crearse de manera m\u00e1s r\u00e1pida, como sucedi\u00f3 con el COVID-19\u201d.<\/p>\n\n\n\n<p>En la Academia Nacional de Medicina, ubicada en el Centro M\u00e9dico Nacional \u201cSiglo XXI\u201d, Reyes Sandoval destac\u00f3 la flexibilidad que ofrece el Polit\u00e9cnico para realizar posgrados e iniciar proyectos de investigaci\u00f3n.<\/p>\n\n\n\n<p>\u201cUno de los objetivos prioritarios del IPN es fomentar la investigaci\u00f3n cient\u00edfica. Debe ser el alma de nuestras instituciones: el Polit\u00e9cnico y el IMSS\u201d, subray\u00f3.<\/p>\n\n\n\n<p>Al dirigirse a las y los m\u00e9dicos que recibieron reconocimientos, Reyes Sandoval puntualiz\u00f3 que tienen el respaldo de dos grandes instituciones fundadas casi al mismo tiempo: el Polit\u00e9cnico en 1936 con el presidente L\u00e1zaro C\u00e1rdenas y, en 1943, el IMSS, con el presidente Manuel \u00c1vila Camacho.<\/p>\n\n\n\n<p>Explic\u00f3 que el Polit\u00e9cnico apost\u00f3 por realizar posgrados en hospitales, a trav\u00e9s del programa de Maestr\u00eda en Ciencias de la Salud, que tiene por objetivo formar capital humano de alto nivel acad\u00e9mico y cient\u00edfico que garantice la realizaci\u00f3n de proyectos de investigaci\u00f3n y la generaci\u00f3n de nuevos conocimientos.<\/p>\n\n\n\n<p>Resalt\u00f3 la labor del Centro de Adiestramiento en Investigaci\u00f3n Cl\u00ednica (CAIC) del IMSS que, con apoyo del IPN y diversas universidades, capacita al personal de salud con diplomados, maestr\u00edas y doctorados de gran calidad y pertinencia.<\/p>\n\n\n\n<p>Inform\u00f3 que a once a\u00f1os de la creaci\u00f3n de este centro suman 101 egresados, quienes est\u00e1n cambiando el modo de concebir la atenci\u00f3n m\u00e9dica al ir m\u00e1s all\u00e1 del \u00e1mbito de la consulta y transformar el entorno de pacientes, para su propio beneficio y el de sus familias.<\/p>\n\n\n\n<p>Durante el evento de clausura, la titular de la Coordinaci\u00f3n de Investigaci\u00f3n en Salud (CIS) del IMSS, Laura Cecilia Bonifaz Alfonzo, comparti\u00f3 su experiencia como cient\u00edfica e invit\u00f3 a los m\u00e9dicos a que realicen investigaci\u00f3n; reconoci\u00f3 que la figura del investigador cl\u00ednico en el IMSS aument\u00f3 de manera acelerada en los \u00faltimos a\u00f1os, crecimiento que se ve impulsado gracias a este tipo de encuentros.<\/p>\n\n\n\n<p>Finalmente, la directora de la Fundaci\u00f3n IMSS, Ana L\u00eda de F\u00e1tima Garc\u00eda Garc\u00eda felicit\u00f3 a los participantes. \u201cEstoy convencida de que el tema de la educaci\u00f3n es una inversi\u00f3n en todo nuestro personal\u201d concluy\u00f3.<\/p>\n\n\n\n<p>&#8212;&#8212;&#8212;&#8212;&#8212;&#8212;&#8212;&#8212;&#8212;&#8212;&#8212;&#8212;&#8212;&#8212;&#8212;&#8212;&#8212;&#8212;&#8212;-<br>Contacto: <a href=\"mailto:samcarbajalreportera@gmail.com\">samcarbajalreportera@gmail.com<\/a><\/p>\n","protected":false},"excerpt":{"rendered":"<p>AutorInstituto Polit\u00e9cnico Nacional (IPN) \u00a0Fecha de publicaci\u00f3n23 de agosto 2022Categor\u00edaComunicado Durante la clausura del 8\u00ba Encuentro de Investigaci\u00f3n Cl\u00ednica, el director general del IPN, Arturo Reyes Sandoval, acompa\u00f1ado de la coordinadora de Investigaci\u00f3n en Salud del IMSS, Laura Bonifaz Alfonzo, expres\u00f3 su benepl\u00e1cito por los m\u00e9dicos que se han incorporado a esta disciplina. \u201cLo m\u00e1s [&hellip;]<\/p>\n","protected":false},"author":2,"featured_media":0,"comment_status":"open","ping_status":"open","sticky":false,"template":"","format":"standard","meta":{"om_disable_all_campaigns":false,"_monsterinsights_skip_tracking":false,"_monsterinsights_sitenote_active":false,"_monsterinsights_sitenote_note":"","_monsterinsights_sitenote_category":0,"footnotes":""},"categories":[1],"tags":[],"class_list":["post-570","post","type-post","status-publish","format-standard","hentry","category-noticia"],"aioseo_notices":[],"_links":{"self":[{"href":"https:\/\/ciencianews.in\/index.php\/wp-json\/wp\/v2\/posts\/570","targetHints":{"allow":["GET"]}}],"collection":[{"href":"https:\/\/ciencianews.in\/index.php\/wp-json\/wp\/v2\/posts"}],"about":[{"href":"https:\/\/ciencianews.in\/index.php\/wp-json\/wp\/v2\/types\/post"}],"author":[{"embeddable":true,"href":"https:\/\/ciencianews.in\/index.php\/wp-json\/wp\/v2\/users\/2"}],"replies":[{"embeddable":true,"href":"https:\/\/ciencianews.in\/index.php\/wp-json\/wp\/v2\/comments?post=570"}],"version-history":[{"count":1,"href":"https:\/\/ciencianews.in\/index.php\/wp-json\/wp\/v2\/posts\/570\/revisions"}],"predecessor-version":[{"id":571,"href":"https:\/\/ciencianews.in\/index.php\/wp-json\/wp\/v2\/posts\/570\/revisions\/571"}],"wp:attachment":[{"href":"https:\/\/ciencianews.in\/index.php\/wp-json\/wp\/v2\/media?parent=570"}],"wp:term":[{"taxonomy":"category","embeddable":true,"href":"https:\/\/ciencianews.in\/index.php\/wp-json\/wp\/v2\/categories?post=570"},{"taxonomy":"post_tag","embeddable":true,"href":"https:\/\/ciencianews.in\/index.php\/wp-json\/wp\/v2\/tags?post=570"}],"curies":[{"name":"wp","href":"https:\/\/api.w.org\/{rel}","templated":true}]}}