{"id":685,"date":"2022-10-07T13:00:00","date_gmt":"2022-10-07T18:00:00","guid":{"rendered":"http:\/\/ciencianews.in\/?p=685"},"modified":"2022-10-07T00:31:05","modified_gmt":"2022-10-07T05:31:05","slug":"la-unam-promueve-trato-respetuoso-y-etico-a-los-animales","status":"publish","type":"post","link":"https:\/\/ciencianews.in\/index.php\/2022\/10\/07\/la-unam-promueve-trato-respetuoso-y-etico-a-los-animales\/","title":{"rendered":"La UNAM promueve trato respetuoso y \u00e9tico a los animales"},"content":{"rendered":"\n<p><strong>Autor<\/strong><br>Direcci\u00f3n General de Comunicaci\u00f3n Social UNAM<br><strong>Fecha de publicaci\u00f3n<\/strong><br>05 de octubre 2022<br><strong>Categor\u00eda<\/strong><br>Bolet\u00edn<\/p>\n\n\n\n<p><em>\u2022 Se llev\u00f3 a cabo el primer Congreso Internacional de Estudios Cr\u00edticos Animales, con la participaci\u00f3n de seis dependencias universitarias e integrantes del Seminario de Estudios en la materia.<\/em><\/p>\n\n\n\n<p>Debatir sobre una nueva relaci\u00f3n con otras especies animales, donde el ser humano no sea un explotador cruel, sino un sujeto respetuoso y \u00e9tico hacia otros seres vivos que sienten y sufren, fue uno de los objetivos del Primer Congreso Internacional de Estudios Cr\u00edticos Animales (CIDECA), organizado por seis entidades de la UNAM.<\/p>\n\n\n\n<p>Mediante un abordaje multidisciplinario, las Facultades de Ciencias (FC), Medicina Veterinaria y Zootecnia (FMVZ) y de Filosof\u00eda y Letras (FFyL) participaron junto con los institutos de Investigaciones Filos\u00f3ficas (IIFs), Sociales (IIS) y de Geograf\u00eda (IGg), a partir de inquietudes planteadas en el Seminario de Estudios Cr\u00edticos Animales de la UNAM.<\/p>\n\n\n\n<p>Algunos temas se refirieron a conocer la realidad de maltrato y crueldad que viven en las granjas o mataderos industriales los millones de animales destinados al consumo humano (vacas, cerdos, pollos, corderos, conejos, peces, etc\u00e9tera), promover acciones que procuren el bienestar animal y difundir alternativas \u00e9ticas para la alimentaci\u00f3n.<\/p>\n\n\n\n<p>Tambi\u00e9n abordaron su uso \u00e9tico en los laboratorios de investigaci\u00f3n y ense\u00f1anza; bienestar animal y legislaci\u00f3n; pandemias, desastres y antropoceno; animales de compa\u00f1\u00eda y silvestres, as\u00ed como especies para recreaci\u00f3n y turismo.<\/p>\n\n\n\n<p>En el encuentro -moderado por Gino Jafet Quintero Venegas, investigador del IIS-, el director de la FMVZ, Francisco Su\u00e1rez G\u00fcemes, dijo:<\/p>\n\n\n\n<p>Los humanos somos responsables de lo que son los seres u organismos vivos en este planeta. Debemos ser conscientes que requerimos propiciar bienestar y salud de los animales, de nosotros y del medio ambiente. Adem\u00e1s, se debe abordar de forma paralela el concepto Una Salud.<\/p>\n\n\n\n<p>A su vez, el director del Instituto de Geograf\u00eda (IGg), Manuel Su\u00e1rez Lastra, consider\u00f3 importante que un tema emergente en las ciencias sociales y, en general para el mundo acad\u00e9mico, sea el de este congreso que organiz\u00f3 la UNAM, en el cual intervinieron expertos de Norteam\u00e9rica, Sudam\u00e9rica y Europa, as\u00ed como acad\u00e9micos de seis entidades de la Universidad Nacional quienes debatieron este tema de frontera en el estudio acad\u00e9mico.<\/p>\n\n\n\n<p>Detall\u00f3 que durante tres d\u00edas intervinieron con 80 trabajos cuyas tem\u00e1ticas fueron: animales y filosof\u00eda, animales y experimentaci\u00f3n, turismo, cambio clim\u00e1tico, desastres pandemias, cultura y artes, entre otros. Adem\u00e1s, incluy\u00f3 tres conferencias magistrales de Argentina, Espa\u00f1a y Reino Unido.<\/p>\n\n\n\n<p>La directora de la FFyL, Mary Frances Rodr\u00edguez Van Gort, resalt\u00f3 que el Congreso es resultado del Seminario que se lleva a cabo desde hace tiempo, en el cual participan disciplinas como Antropolog\u00eda, Biolog\u00eda, Derecho, estudios culturales, Etolog\u00eda (estudio cient\u00edfico del comportamiento humano y animal), Filosof\u00eda, Geograf\u00eda, Medicina humana, Medicina veterinaria, Psicolog\u00eda, Sociolog\u00eda, entre otras.<\/p>\n\n\n\n<p>\u201cEstamos en la antesala de una extinci\u00f3n masiva de especies como nunca antes se hab\u00eda visto. Es un tema emergente donde desde la Geograf\u00eda hay que revisar conceptos como los recursos naturales, y debatir esa visi\u00f3n de que todos los seres de la naturaleza son para el beneficio de la sociedad humana\u201d, afirm\u00f3.<\/p>\n\n\n\n<p>Al hacer uso de la palabra, el director del IIS, Miguel Armando L\u00f3pez Leyva, resalt\u00f3 que esta actividad acad\u00e9mica inserta en temas multidisciplinarios y de frontera, que procuran la colaboraci\u00f3n interinstitucional.<\/p>\n\n\n\n<p>\u201cEste Congreso nos ofrece una visi\u00f3n multidisciplinaria para construir conocimiento y analizar la relaci\u00f3n entre animales humanos y no humanos, a trav\u00e9s de perspectivas que se intersectan desde muy diversas perspectivas\u201d, argument\u00f3.<\/p>\n\n\n\n<p>De acuerdo con el director de la FC, V\u00edctor Manuel Vel\u00e1zquez Aguilar, el encuentro fue pertinente y emergente, pues solo uniendo fuerzas podremos llegar a un resultado.<\/p>\n\n\n\n<p>Mediante los estudios de las ciencias biol\u00f3gicas y del cerebro \u2013continu\u00f3- cada vez hemos descubierto aspectos nuevos y maravillosos que nos relacionan cada vez m\u00e1s con nuestro origen evolutivo y con ese \u00f3rgano, el cual ha creado la conciencia que nos permite darnos cuenta de nuestra existencia, percibir el dolor, la alegr\u00eda, y no podemos negar que lo poseen tambi\u00e9n los animales.<\/p>\n\n\n\n<p>El investigador del IGg y representante del Comit\u00e9 Organizador del Primer Congreso Internacional de Estudios Cr\u00edticos Animales, \u00c1lvaro L\u00f3pez L\u00f3pez, enfatiz\u00f3 que los hombres blancos, occidentales, burgueses, heterosexuales han ocupado una posici\u00f3n preponderante de control y dominio frente al resto de la humanidad.<\/p>\n\n\n\n<p>\u201cParad\u00f3jicamente, el argumento de la raz\u00f3n que ha sido particularmente efectivo para cohesionarnos como humanas y humanos, nos ha distanciado del resto de los seres con los que compartimos reino biol\u00f3gico; es decir, los animales\u201d.<\/p>\n\n\n\n<p>Destac\u00f3 que los animales gozamos de la sintiencia, la capacidad de sentir y discernir lo que nos genera bienestar de lo que nos lastima, un concepto que debemos tener presente en nuestra relaci\u00f3n con ellos.<br>&#8212;&#8212;&#8212;&#8212;&#8212;&#8212;&#8212;&#8212;&#8212;&#8212;&#8212;&#8212;&#8212;&#8212;&#8212;&#8212;&#8212;&#8212;&#8212;-<br>Contacto: <a href=\"mailto:samcarbajalreportera@gmail.com\">samcarbajalreportera@gmail.com<\/a><\/p>\n","protected":false},"excerpt":{"rendered":"<p>AutorDirecci\u00f3n General de Comunicaci\u00f3n Social UNAMFecha de publicaci\u00f3n05 de octubre 2022Categor\u00edaBolet\u00edn \u2022 Se llev\u00f3 a cabo el primer Congreso Internacional de Estudios Cr\u00edticos Animales, con la participaci\u00f3n de seis dependencias universitarias e integrantes del Seminario de Estudios en la materia. Debatir sobre una nueva relaci\u00f3n con otras especies animales, donde el ser humano no sea [&hellip;]<\/p>\n","protected":false},"author":2,"featured_media":0,"comment_status":"open","ping_status":"open","sticky":false,"template":"","format":"standard","meta":{"om_disable_all_campaigns":false,"_monsterinsights_skip_tracking":false,"_monsterinsights_sitenote_active":false,"_monsterinsights_sitenote_note":"","_monsterinsights_sitenote_category":0,"footnotes":""},"categories":[1],"tags":[],"class_list":["post-685","post","type-post","status-publish","format-standard","hentry","category-noticia"],"aioseo_notices":[],"_links":{"self":[{"href":"https:\/\/ciencianews.in\/index.php\/wp-json\/wp\/v2\/posts\/685","targetHints":{"allow":["GET"]}}],"collection":[{"href":"https:\/\/ciencianews.in\/index.php\/wp-json\/wp\/v2\/posts"}],"about":[{"href":"https:\/\/ciencianews.in\/index.php\/wp-json\/wp\/v2\/types\/post"}],"author":[{"embeddable":true,"href":"https:\/\/ciencianews.in\/index.php\/wp-json\/wp\/v2\/users\/2"}],"replies":[{"embeddable":true,"href":"https:\/\/ciencianews.in\/index.php\/wp-json\/wp\/v2\/comments?post=685"}],"version-history":[{"count":1,"href":"https:\/\/ciencianews.in\/index.php\/wp-json\/wp\/v2\/posts\/685\/revisions"}],"predecessor-version":[{"id":686,"href":"https:\/\/ciencianews.in\/index.php\/wp-json\/wp\/v2\/posts\/685\/revisions\/686"}],"wp:attachment":[{"href":"https:\/\/ciencianews.in\/index.php\/wp-json\/wp\/v2\/media?parent=685"}],"wp:term":[{"taxonomy":"category","embeddable":true,"href":"https:\/\/ciencianews.in\/index.php\/wp-json\/wp\/v2\/categories?post=685"},{"taxonomy":"post_tag","embeddable":true,"href":"https:\/\/ciencianews.in\/index.php\/wp-json\/wp\/v2\/tags?post=685"}],"curies":[{"name":"wp","href":"https:\/\/api.w.org\/{rel}","templated":true}]}}