{"id":687,"date":"2022-10-08T11:00:00","date_gmt":"2022-10-08T16:00:00","guid":{"rendered":"http:\/\/ciencianews.in\/?p=687"},"modified":"2022-10-07T23:12:45","modified_gmt":"2022-10-08T04:12:45","slug":"participa-la-unam-en-el-observatorio-mexicano-del-clima-y-monitoreo-satelital-para-la-calidad-del-aire","status":"publish","type":"post","link":"https:\/\/ciencianews.in\/index.php\/2022\/10\/08\/participa-la-unam-en-el-observatorio-mexicano-del-clima-y-monitoreo-satelital-para-la-calidad-del-aire\/","title":{"rendered":"Participa la UNAM en el observatorio mexicano del clima y monitoreo satelital para la calidad del aire"},"content":{"rendered":"\n<p><strong>Autor<\/strong><br>Direcci\u00f3n General de Comunicaci\u00f3n Social UNAM<br><strong>Fecha de publicaci\u00f3n<\/strong><br>06 de octubre 2022<br><strong>Categor\u00eda<\/strong><br>Bolet\u00edn<\/p>\n\n\n\n<p><em>\u2022 En esta iniciativa colabora el ICAyCC de la Universidad Nacional junto con la Comisi\u00f3n Ambiental de la Megal\u00f3polis y el Instituto Nacional de Ecolog\u00eda y Cambio Clim\u00e1tico.<\/em><\/p>\n\n\n\n<p>A fin de unir esfuerzos en torno a la observaci\u00f3n del clima y el monitoreo satelital para medir la calidad del aire, la UNAM, a trav\u00e9s del Instituto de Ciencias de la Atm\u00f3sfera y Cambio Clim\u00e1tico (ICAyCC), trabaja en una iniciativa conjunta con instancias gubernamentales como la Comisi\u00f3n Ambiental de la Megal\u00f3polis (CAMe) y el Instituto Nacional de Ecolog\u00eda y Cambio Clim\u00e1tico (INECC).<\/p>\n\n\n\n<p>Se trata de un observatorio mexicano de monitoreo satelital, que tiene entre sus planes el lanzamiento al espacio del sat\u00e9lite TEMPO, para generar datos de contaminantes y calidad del aire, los cuales podr\u00e1n ser analizados por instancias acad\u00e9micas y gubernamentales con el prop\u00f3sito de nutrir la vigilancia detallada y el an\u00e1lisis cient\u00edfico sobre este tema.<\/p>\n\n\n\n<p>Durante la inauguraci\u00f3n a distancia del seminario Monitoreo Satelital para la Gesti\u00f3n de la Calidad del Aire, en la que se expuso el proyecto del Observatorio Mexicano de Monitoreo Satelital, el director del ICAyCC, Jorge Zavala Hidalgo, asegur\u00f3 que la percepci\u00f3n remota es una de las actividades de mayor importancia que se desarrollan en su medio acad\u00e9mico. \u201cCada vez tenemos sat\u00e9lites m\u00e1s complejos, con m\u00e1s resoluci\u00f3n, con m\u00e1s bandas y algoritmos que nos permiten identificar mejor los distintos componentes de la atm\u00f3sfera\u201d.<\/p>\n\n\n\n<p><strong>Dijo que esta entidad acad\u00e9mica cuenta con tradici\u00f3n en torno a estos t\u00f3picos a trav\u00e9s de varios de sus investigadores, como Michel Grutter de la Mora, y tambi\u00e9n tiene tradici\u00f3n en la formaci\u00f3n de profesionales, es decir, gente especializada.<\/strong><\/p>\n\n\n\n<p><strong>En el Instituto se realiza muestreo tradicional, modelaci\u00f3n, meteorolog\u00eda y clima, lo que da una visi\u00f3n integral que debe madurar. \u201cLa idea de este evento es estrechar v\u00ednculos entre la academia y el gobierno para formalizar la colaboraci\u00f3n\u201d, se\u00f1al\u00f3.<\/strong><\/p>\n\n\n\n<p><strong>Al hacer uso de la palabra, la secretaria del Medio Ambiente de la Ciudad de M\u00e9xico, Marina Robles Garc\u00eda, apunt\u00f3 que el sistema de monitoreo de la capital del pa\u00eds es uno de los m\u00e1s robustos a nivel nacional e internacional.<\/strong><\/p>\n\n\n\n<p><strong>\u201cActualmente esta red de monitoreo cuenta con 34 estaciones autom\u00e1ticas, adem\u00e1s de alrededor de 10 manuales, que informan a la poblaci\u00f3n cada hora sobre las condiciones de la calidad del aire en el conjunto de estaciones de esta red\u201d, adem\u00e1s de contar con un registro, minuto a minuto, de lo que ocurre con la calidad del aire en esta regi\u00f3n del pa\u00eds.<\/strong><\/p>\n\n\n\n<p><strong>V\u00edctor Hugo P\u00e1ramo Figueroa, coordinador ejecutivo de la CAMe, destac\u00f3 la positiva cooperaci\u00f3n entre gobierno e industria, pues las perspectivas que se abren con la puesta en operaci\u00f3n de tecnolog\u00edas satelitales son alentadoras para mejorar la calidad del aire.<\/strong><\/p>\n\n\n\n<p><strong>Subray\u00f3 la importancia del monitoreo atmosf\u00e9rico con sat\u00e9lites, en especial el geoestacionario TEMPO, de la NASA, que iniciar\u00e1 funciones el pr\u00f3ximo a\u00f1o.<\/strong><\/p>\n\n\n\n<p><strong>El nuevo sat\u00e9lite TEMPO estar\u00e1 \u201cbarriendo\u201d el continente norteamericano una vez cada hora, y nos permitir\u00e1 ver c\u00f3mo se genera la contaminaci\u00f3n y se transporta en una regi\u00f3n determinada, indic\u00f3.<\/strong><\/p>\n\n\n\n<p><strong>En el primer bloque del seminario, Ana Prados, de la NASA y la Universidad de Maryland en Baltimore, Estados Unidos, detall\u00f3 que los sat\u00e9lites llenan los vac\u00edos donde las mediciones del suelo son escasas, y proporcionan datos sin procesar para los modelos.<\/strong><\/p>\n\n\n\n<p><strong>A su vez, los datos terrestres sirven para validar los satelitales y proporcionan informaci\u00f3n para los modelos, mientras que estos llenan los vac\u00edos en las mediciones terrestres, mejoran datos satelitales y tienen capacidad predictiva.<\/strong><\/p>\n\n\n\n<p><strong>La especialista manifest\u00f3 que los sat\u00e9lites ofrecen una vista global de la Tierra y consider\u00f3 que la cobertura espacial es la ventaja principal de los datos satelitales.<\/strong><\/p>\n\n\n\n<p>Gonzalo Gonz\u00e1lez Abad, de Harvard Smithsonian CfA, detall\u00f3 que el objetivo de TEMPO, que ser\u00e1 lanzado por la NASA en 2023, es proporcionar observaciones diurnas con alta frecuencia (cada hora) para estudiar las emisiones de gases y la qu\u00edmica atmosf\u00e9rica relacionadas con la calidad del aire.<\/p>\n\n\n\n<p>Asever\u00f3 que el equipo cuenta con un espectr\u00f3metro dise\u00f1ado para operar con luz solar en el ultravioleta y el visible reflejada por la superficie del planeta y su atm\u00f3sfera.<br>&#8212;&#8212;&#8212;&#8212;&#8212;&#8212;&#8212;&#8212;&#8212;&#8212;&#8212;&#8212;&#8212;&#8212;&#8212;&#8212;&#8212;&#8212;&#8212;-<br>Contacto: <a href=\"mailto:samcarbajalreportera@gmail.com\">samcarbajalreportera@gmail.com<\/a><\/p>\n","protected":false},"excerpt":{"rendered":"<p>AutorDirecci\u00f3n General de Comunicaci\u00f3n Social UNAMFecha de publicaci\u00f3n06 de octubre 2022Categor\u00edaBolet\u00edn \u2022 En esta iniciativa colabora el ICAyCC de la Universidad Nacional junto con la Comisi\u00f3n Ambiental de la Megal\u00f3polis y el Instituto Nacional de Ecolog\u00eda y Cambio Clim\u00e1tico. A fin de unir esfuerzos en torno a la observaci\u00f3n del clima y el monitoreo satelital [&hellip;]<\/p>\n","protected":false},"author":2,"featured_media":0,"comment_status":"open","ping_status":"open","sticky":false,"template":"","format":"standard","meta":{"om_disable_all_campaigns":false,"_monsterinsights_skip_tracking":false,"_monsterinsights_sitenote_active":false,"_monsterinsights_sitenote_note":"","_monsterinsights_sitenote_category":0,"footnotes":""},"categories":[1],"tags":[],"class_list":["post-687","post","type-post","status-publish","format-standard","hentry","category-noticia"],"aioseo_notices":[],"_links":{"self":[{"href":"https:\/\/ciencianews.in\/index.php\/wp-json\/wp\/v2\/posts\/687","targetHints":{"allow":["GET"]}}],"collection":[{"href":"https:\/\/ciencianews.in\/index.php\/wp-json\/wp\/v2\/posts"}],"about":[{"href":"https:\/\/ciencianews.in\/index.php\/wp-json\/wp\/v2\/types\/post"}],"author":[{"embeddable":true,"href":"https:\/\/ciencianews.in\/index.php\/wp-json\/wp\/v2\/users\/2"}],"replies":[{"embeddable":true,"href":"https:\/\/ciencianews.in\/index.php\/wp-json\/wp\/v2\/comments?post=687"}],"version-history":[{"count":1,"href":"https:\/\/ciencianews.in\/index.php\/wp-json\/wp\/v2\/posts\/687\/revisions"}],"predecessor-version":[{"id":688,"href":"https:\/\/ciencianews.in\/index.php\/wp-json\/wp\/v2\/posts\/687\/revisions\/688"}],"wp:attachment":[{"href":"https:\/\/ciencianews.in\/index.php\/wp-json\/wp\/v2\/media?parent=687"}],"wp:term":[{"taxonomy":"category","embeddable":true,"href":"https:\/\/ciencianews.in\/index.php\/wp-json\/wp\/v2\/categories?post=687"},{"taxonomy":"post_tag","embeddable":true,"href":"https:\/\/ciencianews.in\/index.php\/wp-json\/wp\/v2\/tags?post=687"}],"curies":[{"name":"wp","href":"https:\/\/api.w.org\/{rel}","templated":true}]}}