{"id":921,"date":"2023-01-11T13:00:00","date_gmt":"2023-01-11T19:00:00","guid":{"rendered":"https:\/\/ciencianews.in\/?p=921"},"modified":"2023-01-10T23:30:13","modified_gmt":"2023-01-11T05:30:13","slug":"realizara-ipn-expo-profesiografica-del-nivel-medio-superior","status":"publish","type":"post","link":"https:\/\/ciencianews.in\/index.php\/2023\/01\/11\/realizara-ipn-expo-profesiografica-del-nivel-medio-superior\/","title":{"rendered":"<strong>Realizar\u00e1 IPN Expo Profesiogr\u00e1fica del Nivel Medio Superior<\/strong>"},"content":{"rendered":"\n<p><strong>Autor<br><\/strong>Instituto Polit\u00e9cnico Nacional IPN<br><strong>Fecha de publicaci\u00f3n<br><\/strong>08 de enero 2023<br><strong>Categor\u00eda<br><\/strong>Comunicado<\/p>\n\n\n\n<p>Con el prop\u00f3sito de dar a conocer la oferta educativa entre los aspirantes a ingresar al Instituto Polit\u00e9cnico Nacional (IPN), esta casa de estudios realizar\u00e1 del 12 al 22 de enero la Expo Profesiogr\u00e1fica del Nivel Medio Superior 2023. A diferencia de las anteriores ediciones, este a\u00f1o ser\u00e1 totalmente presencial y tiene como eslogan: \u201cInternacional\u00edzate y abre tus puertas al mundo\u201d.<\/p>\n\n\n\n<p>Los aspirantes que est\u00e9n por concluir estudios de educaci\u00f3n secundaria conocer\u00e1n los 41 planes y programas de estudio que el IPN ofrece en las \u00e1reas: f\u00edsico-matem\u00e1ticas, m\u00e9dico-biol\u00f3gicas, ciencias sociales y administrativas.<\/p>\n\n\n\n<p>Recibir\u00e1n informaci\u00f3n de los 19 Centros de Estudios Cient\u00edficos y Tecnol\u00f3gicos (Cecyt) y el Centro de Estudios Tecnol\u00f3gicos (CET) con que cuenta el Polit\u00e9cnico, 17 en la Ciudad de M\u00e9xico y zona metropolitana, y as\u00ed como en los estados de Hidalgo, Guanajuato y Zacatecas.<\/p>\n\n\n\n<p>El secretario Acad\u00e9mico del IPN, Mauricio Igor Jasso Zaranda, explic\u00f3 que los estudiantes conocer\u00e1n los cuatro tipos de bachillerato que se ofrecen: General Poli Virtual, que se puede cursar en dos a\u00f1os y medio; Tecnol\u00f3gico Bivalente, con oferta de 15 programas de estudio; Mixto, que consta de tres programas acad\u00e9micos, as\u00ed como el Escolarizado, el cual se imparte en 20 unidades acad\u00e9micas.<\/p>\n\n\n\n<p>La Expo Profesiogr\u00e1fica del Nivel Medio Superior se llevar\u00e1 a cabo del 12 al 22 de enero, de las 10:00 a las 18:00 h en el Centro Cultural \u201cJaime Torres Bodet\u201d, de la Unidad Profesional \u201cAdolfo L\u00f3pez Mateos\u201d, en Zacatenco. El acceso ser\u00e1 gratuito, pero deber\u00e1n registrarse previamente en <a href=\"https:\/\/bit.ly\/3GQlriw\">https:\/\/bit.ly\/3GQlriw<\/a><\/p>\n\n\n\n<p>Los asistentes podr\u00e1n realizar, de manera gratuita, un simulacro del examen de conocimientos para ingresar al nivel medio superior del IPN, as\u00ed como un autodiagn\u00f3stico de conocimientos del idioma ingl\u00e9s y una prueba de orientaci\u00f3n vocacional.<\/p>\n\n\n\n<p>Asimismo, los aspirantes a ingresar al IPN tendr\u00e1n oportunidad de realizar recorridos virtuales por las unidades acad\u00e9micas, mediante pantallas interactivas. Durante las jornadas de la expo se impartir\u00e1n conferencias con egresados del instituto, quienes compartir\u00e1n sus experiencias. Tambi\u00e9n se realizar\u00e1n talleres experimentales para despertar la vocaci\u00f3n cient\u00edfica y de innovaci\u00f3n de los j\u00f3venes, as\u00ed como demostraci\u00f3n de prototipos y combate de robots construidos por alumnos de los Cecyt.<\/p>\n\n\n\n<p>Jasso Zaranda destac\u00f3 que el eslogan \u201cInternacional\u00edzate y abre tus puertas al mundo\u201d tiene el objetivo de que los aspirantes conozcan los procesos de ense\u00f1anza en instituciones educativas de otros pa\u00edses, con las cuales tiene v\u00ednculos el IPN. <br>&#8212;&#8212;&#8212;&#8212;&#8212;&#8212;&#8212;&#8212;&#8212;&#8212;&#8212;&#8212;&#8212;&#8212;&#8212;&#8212;&#8212;&#8212;&#8212;-<br>Contacto: <a href=\"mailto:samcarbajalreportera@gmail.com\">samcarbajalreportera@gmail.com<\/a><\/p>\n","protected":false},"excerpt":{"rendered":"<p>AutorInstituto Polit\u00e9cnico Nacional IPNFecha de publicaci\u00f3n08 de enero 2023Categor\u00edaComunicado Con el prop\u00f3sito de dar a conocer la oferta educativa entre los aspirantes a ingresar al Instituto Polit\u00e9cnico Nacional (IPN), esta casa de estudios realizar\u00e1 del 12 al 22 de enero la Expo Profesiogr\u00e1fica del Nivel Medio Superior 2023. A diferencia de las anteriores ediciones, este [&hellip;]<\/p>\n","protected":false},"author":2,"featured_media":0,"comment_status":"open","ping_status":"open","sticky":false,"template":"","format":"standard","meta":{"om_disable_all_campaigns":false,"_monsterinsights_skip_tracking":false,"_monsterinsights_sitenote_active":false,"_monsterinsights_sitenote_note":"","_monsterinsights_sitenote_category":0,"footnotes":""},"categories":[1],"tags":[],"class_list":["post-921","post","type-post","status-publish","format-standard","hentry","category-noticia"],"aioseo_notices":[],"_links":{"self":[{"href":"https:\/\/ciencianews.in\/index.php\/wp-json\/wp\/v2\/posts\/921","targetHints":{"allow":["GET"]}}],"collection":[{"href":"https:\/\/ciencianews.in\/index.php\/wp-json\/wp\/v2\/posts"}],"about":[{"href":"https:\/\/ciencianews.in\/index.php\/wp-json\/wp\/v2\/types\/post"}],"author":[{"embeddable":true,"href":"https:\/\/ciencianews.in\/index.php\/wp-json\/wp\/v2\/users\/2"}],"replies":[{"embeddable":true,"href":"https:\/\/ciencianews.in\/index.php\/wp-json\/wp\/v2\/comments?post=921"}],"version-history":[{"count":1,"href":"https:\/\/ciencianews.in\/index.php\/wp-json\/wp\/v2\/posts\/921\/revisions"}],"predecessor-version":[{"id":922,"href":"https:\/\/ciencianews.in\/index.php\/wp-json\/wp\/v2\/posts\/921\/revisions\/922"}],"wp:attachment":[{"href":"https:\/\/ciencianews.in\/index.php\/wp-json\/wp\/v2\/media?parent=921"}],"wp:term":[{"taxonomy":"category","embeddable":true,"href":"https:\/\/ciencianews.in\/index.php\/wp-json\/wp\/v2\/categories?post=921"},{"taxonomy":"post_tag","embeddable":true,"href":"https:\/\/ciencianews.in\/index.php\/wp-json\/wp\/v2\/tags?post=921"}],"curies":[{"name":"wp","href":"https:\/\/api.w.org\/{rel}","templated":true}]}}