{"id":923,"date":"2023-01-11T09:00:00","date_gmt":"2023-01-11T15:00:00","guid":{"rendered":"https:\/\/ciencianews.in\/?p=923"},"modified":"2023-01-10T23:36:02","modified_gmt":"2023-01-11T05:36:02","slug":"crisis-en-salud-mental-secuela-de-la-pandemia-por-covid-19","status":"publish","type":"post","link":"https:\/\/ciencianews.in\/index.php\/2023\/01\/11\/crisis-en-salud-mental-secuela-de-la-pandemia-por-covid-19\/","title":{"rendered":"<strong>Crisis en salud mental, secuela de la pandemia por COVID-19<\/strong>"},"content":{"rendered":"\n<p class=\"wp-block-paragraph\"><strong>Autor<br><\/strong>Direcci\u00f3n General de Comunicaci\u00f3n Social UNAM<br><strong>Fecha de publicaci\u00f3n<br><\/strong>05 de enero 2023<br><strong>Categor\u00eda<br><\/strong>Bolet\u00edn<\/p>\n\n\n\n<p class=\"wp-block-paragraph\"><em>\u2022 Las sedes UNAM-San Antonio y UNAM-Canad\u00e1, junto con la Facultad de Psicolog\u00eda y la CRAI, realizaron el Seminario de Salud Mental<\/em><em><br>\u2022 Este ejercicio acad\u00e9mico de colaboraci\u00f3n internacional cont\u00f3 con casi tres mil 600 participantes, 84 ponentes y 26 webinars.<\/em><\/p>\n\n\n\n<p class=\"wp-block-paragraph\">La pandemia de la COVID-19 muestra sus principales afectaciones en la poblaci\u00f3n como son ansiedad, depresi\u00f3n y crisis emocionales, as\u00ed como repercusiones en las habilidades cognitivas, entre otras circunstancias, coincidieron especialistas de la UNAM.<\/p>\n\n\n\n<p class=\"wp-block-paragraph\">Para analizar esta problem\u00e1tica, se realiz\u00f3 en l\u00ednea el Seminario de Salud Mental, un esfuerzo internacional en el que participaron las escuelas de extensi\u00f3n en San Antonio, Texas, y en Canad\u00e1, junto con la Facultad de Psicolog\u00eda (FP), con el apoyo de la Coordinaci\u00f3n de Relaciones y Asuntos Internacionales (CRAI).<\/p>\n\n\n\n<p class=\"wp-block-paragraph\">Al presidir la ceremonia de clausura, el titular de la CRAI, Francisco Jos\u00e9 Trigo Tavera, record\u00f3 que el proyecto de internacionalizaci\u00f3n de la Universidad Nacional busca incrementar el intercambio de alumnos y profesores, fomentar la investigaci\u00f3n conjunta y el aprendizaje de idiomas, as\u00ed como difundir la cultura mexicana.<\/p>\n\n\n\n<p class=\"wp-block-paragraph\">El seminario, inform\u00f3, cont\u00f3 con cerca de tres mil 600 participantes y fue un favorable ejercicio para continuar con las labores conjuntas entre las representaciones universitarias.<\/p>\n\n\n\n<p class=\"wp-block-paragraph\">Al respecto, la directora de la FP, Mar\u00eda Elena Medina Mora Icaza, expuso que intervinieron estudiantes de doctorado y egresados de esta entidad universitaria.<\/p>\n\n\n\n<p class=\"wp-block-paragraph\">De acuerdo con la directora de la sede UNAM-San Antonio, Paula de Gortari Pedroza, en el evento en l\u00ednea que se llev\u00f3 a cabo durante 2021 y 2022 intervinieron 84 ponentes y se impartieron 26 webinars; estuvo dividido en tres ciclos, donde adem\u00e1s de ponencias hubo talleres y la colaboraci\u00f3n a distancia de especialistas de M\u00e9xico, Estados Unidos, Canad\u00e1, Colombia, Rep\u00fablica Dominicana, Bolivia y Ecuador.<\/p>\n\n\n\n<p class=\"wp-block-paragraph\">Detall\u00f3 que entre los temas del primer ciclo se abordaron t\u00e9cnicas de relajaci\u00f3n en salud mental, cognici\u00f3n y salud, atenci\u00f3n a grupos vulnerables, prevenci\u00f3n del deterioro cognitivo y cambios cognitivos y neuropsiqui\u00e1tricos en sobrevivientes de la COVID-19.<\/p>\n\n\n\n<p class=\"wp-block-paragraph\">En el segundo se analiz\u00f3 la experiencia familiar durante la pandemia, la violencia en la pareja, y se ofrecieron talleres sobre autocuidado, atenci\u00f3n a los hijos y emociones.<\/p>\n\n\n\n<p class=\"wp-block-paragraph\">El \u00faltimo estuvo dedicado a las estrategias de autocuidado, ense\u00f1anza de psicolog\u00eda para adolescentes, prevenci\u00f3n suicida, sue\u00f1o y obesidad, estr\u00e9s ambiental en transporte y hospitales, adem\u00e1s de psicoterapia infantil, entre otros. \u201cLa pandemia dej\u00f3 ver que enfrentamos una crisis en salud mental\u201d, resumi\u00f3 De Gortari Pedroza.<\/p>\n\n\n\n<p class=\"wp-block-paragraph\">En su oportunidad, el director de UNAM-Canad\u00e1, Constantino Mac\u00edas Garc\u00eda, destac\u00f3 la importancia de la colaboraci\u00f3n entre las sedes de la Universidad Nacional, principalmente las que son escuelas. \u201cDebemos pensar c\u00f3mo transmitir conocimiento y estas actividades son un escaparate para la UNAM, que es un socio deseable con otras comunidades y sociedades.<\/p>\n\n\n\n<p class=\"wp-block-paragraph\">Propuso que el pr\u00f3ximo encuentro se aborde la relaci\u00f3n entre salud mental y sostenibilidad, detallando problem\u00e1ticas como el cambio clim\u00e1tico y la desesperanza que existe principalmente entre los j\u00f3venes.<\/p>\n\n\n\n<p class=\"wp-block-paragraph\">Para la jefa de la Divisi\u00f3n de Estudios de Posgrado e Investigaci\u00f3n de la FP, Magda Campillo Labrandero, en este Seminario fue fundamental la labor del Posgrado en Salud Mental, en donde trabajaron especialistas de las diez residencias: medicina conductual, psicoterapia infantil, terapia familiar, psicolog\u00eda de las adicciones y psicoterapia para adolescentes.<\/p>\n\n\n\n<p class=\"wp-block-paragraph\">Tambi\u00e9n neuropsicolog\u00eda cl\u00ednica, evaluaci\u00f3n educativa, psicolog\u00eda escolar, psicolog\u00eda ambiental y trastornos del dormir. Adelant\u00f3 que preparan la cuarta emisi\u00f3n del Seminario, a fin de fomentar la internacionalizaci\u00f3n y ofrecer respuestas concretas a las problem\u00e1ticas mentales posCOVID-19.<br>&#8212;&#8212;&#8212;&#8212;&#8212;&#8212;&#8212;&#8212;&#8212;&#8212;&#8212;&#8212;&#8212;&#8212;&#8212;&#8212;&#8212;&#8212;&#8212;-<br>Contacto: <a href=\"mailto:samcarbajalreportera@gmail.com\">samcarbajalreportera@gmail.com<\/a><\/p>\n","protected":false},"excerpt":{"rendered":"<p>AutorDirecci\u00f3n General de Comunicaci\u00f3n Social UNAMFecha de publicaci\u00f3n05 de enero 2023Categor\u00edaBolet\u00edn \u2022 Las sedes UNAM-San Antonio y UNAM-Canad\u00e1, junto con la Facultad de Psicolog\u00eda y la CRAI, realizaron el Seminario de Salud Mental\u2022 Este ejercicio acad\u00e9mico de colaboraci\u00f3n internacional cont\u00f3 con casi tres mil 600 participantes, 84 ponentes y 26 webinars. La pandemia de la [&hellip;]<\/p>\n","protected":false},"author":2,"featured_media":0,"comment_status":"open","ping_status":"open","sticky":false,"template":"","format":"standard","meta":{"om_disable_all_campaigns":false,"_monsterinsights_skip_tracking":false,"_monsterinsights_sitenote_active":false,"_monsterinsights_sitenote_note":"","_monsterinsights_sitenote_category":0,"footnotes":""},"categories":[1],"tags":[],"class_list":["post-923","post","type-post","status-publish","format-standard","hentry","category-noticia"],"aioseo_notices":[],"aioseo_head":"\n\t\t<!-- All in One SEO 5.0.1.1 - aioseo.com -->\n\t<meta name=\"description\" content=\"AutorDirecci\u00f3n General de Comunicaci\u00f3n Social UNAMFecha de publicaci\u00f3n05 de enero 2023Categor\u00edaBolet\u00edn \u2022 Las sedes UNAM-San Antonio y UNAM-Canad\u00e1, junto con la Facultad de Psicolog\u00eda y la CRAI, realizaron el Seminario de Salud Mental\u2022 Este ejercicio acad\u00e9mico de colaboraci\u00f3n internacional cont\u00f3 con casi tres mil 600 participantes, 84 ponentes y 26 webinars. La pandemia de la\" \/>\n\t<meta name=\"robots\" content=\"max-image-preview:large\" \/>\n\t<meta name=\"author\" content=\"SRC\"\/>\n\t<link rel=\"canonical\" href=\"https:\/\/ciencianews.in\/index.php\/2023\/01\/11\/crisis-en-salud-mental-secuela-de-la-pandemia-por-covid-19\/\" \/>\n\t<meta name=\"generator\" content=\"All in One SEO (AIOSEO) 5.0.1.1\" \/>\n\t\t<meta property=\"og:locale\" content=\"es_ES\" \/>\n\t\t<meta property=\"og:site_name\" content=\"Ciencia News -- Ciencia es Futuro -\" \/>\n\t\t<meta property=\"og:type\" content=\"article\" \/>\n\t\t<meta property=\"og:title\" content=\"Crisis en salud mental, secuela de la pandemia por COVID-19 - Ciencia News -- Ciencia es Futuro\" \/>\n\t\t<meta property=\"og:description\" content=\"AutorDirecci\u00f3n General de Comunicaci\u00f3n Social UNAMFecha de publicaci\u00f3n05 de enero 2023Categor\u00edaBolet\u00edn \u2022 Las sedes UNAM-San Antonio y UNAM-Canad\u00e1, junto con la Facultad de Psicolog\u00eda y la CRAI, realizaron el Seminario de Salud Mental\u2022 Este ejercicio acad\u00e9mico de colaboraci\u00f3n internacional cont\u00f3 con casi tres mil 600 participantes, 84 ponentes y 26 webinars. La pandemia de la\" \/>\n\t\t<meta property=\"og:url\" content=\"https:\/\/ciencianews.in\/index.php\/2023\/01\/11\/crisis-en-salud-mental-secuela-de-la-pandemia-por-covid-19\/\" \/>\n\t\t<meta property=\"og:image\" content=\"https:\/\/ciencianews.in\/wp-content\/uploads\/2022\/05\/ciencianewsin.jpg\" \/>\n\t\t<meta property=\"og:image:secure_url\" content=\"https:\/\/ciencianews.in\/wp-content\/uploads\/2022\/05\/ciencianewsin.jpg\" \/>\n\t\t<meta property=\"article:published_time\" content=\"2023-01-11T15:00:00+00:00\" \/>\n\t\t<meta property=\"article:modified_time\" content=\"2023-01-11T05:36:02+00:00\" \/>\n\t\t<meta name=\"twitter:card\" content=\"summary\" \/>\n\t\t<meta name=\"twitter:title\" content=\"Crisis en salud mental, secuela de la pandemia por COVID-19 - Ciencia News -- Ciencia es Futuro\" \/>\n\t\t<meta name=\"twitter:description\" content=\"AutorDirecci\u00f3n General de Comunicaci\u00f3n Social UNAMFecha de publicaci\u00f3n05 de enero 2023Categor\u00edaBolet\u00edn \u2022 Las sedes UNAM-San Antonio y UNAM-Canad\u00e1, junto con la Facultad de Psicolog\u00eda y la CRAI, realizaron el Seminario de Salud Mental\u2022 Este ejercicio acad\u00e9mico de colaboraci\u00f3n internacional cont\u00f3 con casi tres mil 600 participantes, 84 ponentes y 26 webinars. La pandemia de la\" \/>\n\t\t<meta name=\"twitter:image\" content=\"https:\/\/ciencianews.in\/wp-content\/uploads\/2022\/05\/ciencianewsin.jpg\" \/>\n\t\t<script type=\"application\/ld+json\" class=\"aioseo-schema\">\n\t\t\t{\"@context\":\"https:\\\/\\\/schema.org\",\"@graph\":[{\"@type\":\"BlogPosting\",\"@id\":\"https:\\\/\\\/ciencianews.in\\\/index.php\\\/2023\\\/01\\\/11\\\/crisis-en-salud-mental-secuela-de-la-pandemia-por-covid-19\\\/#blogposting\",\"name\":\"Crisis en salud mental, secuela de la pandemia por COVID-19 - Ciencia News -- Ciencia es Futuro\",\"headline\":\"Crisis en salud mental, secuela de la pandemia por COVID-19\",\"author\":{\"@id\":\"https:\\\/\\\/ciencianews.in\\\/index.php\\\/author\\\/src\\\/#author\"},\"publisher\":{\"@id\":\"https:\\\/\\\/ciencianews.in\\\/#organization\"},\"image\":{\"@type\":\"ImageObject\",\"url\":\"https:\\\/\\\/ciencianews.in\\\/wp-content\\\/uploads\\\/2022\\\/05\\\/ciencianewsin.jpg\",\"@id\":\"https:\\\/\\\/ciencianews.in\\\/#articleImage\",\"width\":1500,\"height\":351},\"datePublished\":\"2023-01-11T09:00:00-06:00\",\"dateModified\":\"2023-01-10T23:36:02-06:00\",\"inLanguage\":\"es-ES\",\"mainEntityOfPage\":{\"@id\":\"https:\\\/\\\/ciencianews.in\\\/index.php\\\/2023\\\/01\\\/11\\\/crisis-en-salud-mental-secuela-de-la-pandemia-por-covid-19\\\/#webpage\"},\"isPartOf\":{\"@id\":\"https:\\\/\\\/ciencianews.in\\\/index.php\\\/2023\\\/01\\\/11\\\/crisis-en-salud-mental-secuela-de-la-pandemia-por-covid-19\\\/#webpage\"},\"articleSection\":\"Todas las noticias\"},{\"@type\":\"BreadcrumbList\",\"@id\":\"https:\\\/\\\/ciencianews.in\\\/index.php\\\/2023\\\/01\\\/11\\\/crisis-en-salud-mental-secuela-de-la-pandemia-por-covid-19\\\/#breadcrumblist\",\"itemListElement\":[{\"@type\":\"ListItem\",\"@id\":\"https:\\\/\\\/ciencianews.in#listItem\",\"position\":1,\"name\":\"Home\",\"item\":\"https:\\\/\\\/ciencianews.in\",\"nextItem\":{\"@type\":\"ListItem\",\"@id\":\"https:\\\/\\\/ciencianews.in\\\/index.php\\\/category\\\/noticia\\\/#listItem\",\"name\":\"Todas las noticias\"}},{\"@type\":\"ListItem\",\"@id\":\"https:\\\/\\\/ciencianews.in\\\/index.php\\\/category\\\/noticia\\\/#listItem\",\"position\":2,\"name\":\"Todas las noticias\",\"item\":\"https:\\\/\\\/ciencianews.in\\\/index.php\\\/category\\\/noticia\\\/\",\"nextItem\":{\"@type\":\"ListItem\",\"@id\":\"https:\\\/\\\/ciencianews.in\\\/index.php\\\/2023\\\/01\\\/11\\\/crisis-en-salud-mental-secuela-de-la-pandemia-por-covid-19\\\/#listItem\",\"name\":\"Crisis en salud mental, secuela de la pandemia por COVID-19\"},\"previousItem\":{\"@type\":\"ListItem\",\"@id\":\"https:\\\/\\\/ciencianews.in#listItem\",\"name\":\"Home\"}},{\"@type\":\"ListItem\",\"@id\":\"https:\\\/\\\/ciencianews.in\\\/index.php\\\/2023\\\/01\\\/11\\\/crisis-en-salud-mental-secuela-de-la-pandemia-por-covid-19\\\/#listItem\",\"position\":3,\"name\":\"Crisis en salud mental, secuela de la pandemia por COVID-19\",\"previousItem\":{\"@type\":\"ListItem\",\"@id\":\"https:\\\/\\\/ciencianews.in\\\/index.php\\\/category\\\/noticia\\\/#listItem\",\"name\":\"Todas las noticias\"}}]},{\"@type\":\"Organization\",\"@id\":\"https:\\\/\\\/ciencianews.in\\\/#organization\",\"name\":\"Ciencia News\",\"url\":\"https:\\\/\\\/ciencianews.in\\\/\",\"logo\":{\"@type\":\"ImageObject\",\"url\":\"https:\\\/\\\/ciencianews.in\\\/wp-content\\\/uploads\\\/2022\\\/05\\\/ciencianewsin.jpg\",\"@id\":\"https:\\\/\\\/ciencianews.in\\\/index.php\\\/2023\\\/01\\\/11\\\/crisis-en-salud-mental-secuela-de-la-pandemia-por-covid-19\\\/#organizationLogo\",\"width\":1500,\"height\":351},\"image\":{\"@id\":\"https:\\\/\\\/ciencianews.in\\\/index.php\\\/2023\\\/01\\\/11\\\/crisis-en-salud-mental-secuela-de-la-pandemia-por-covid-19\\\/#organizationLogo\"}},{\"@type\":\"Person\",\"@id\":\"https:\\\/\\\/ciencianews.in\\\/index.php\\\/author\\\/src\\\/#author\",\"url\":\"https:\\\/\\\/ciencianews.in\\\/index.php\\\/author\\\/src\\\/\",\"name\":\"SRC\",\"image\":{\"@type\":\"ImageObject\",\"@id\":\"https:\\\/\\\/ciencianews.in\\\/index.php\\\/2023\\\/01\\\/11\\\/crisis-en-salud-mental-secuela-de-la-pandemia-por-covid-19\\\/#authorImage\",\"url\":\"https:\\\/\\\/secure.gravatar.com\\\/avatar\\\/624639f71453602f40c1a77a053b2fcbe7460fb55921e8fa2318c5a60eb78cc9?s=96&d=mm&r=g\",\"width\":96,\"height\":96,\"caption\":\"SRC\"}},{\"@type\":\"WebPage\",\"@id\":\"https:\\\/\\\/ciencianews.in\\\/index.php\\\/2023\\\/01\\\/11\\\/crisis-en-salud-mental-secuela-de-la-pandemia-por-covid-19\\\/#webpage\",\"url\":\"https:\\\/\\\/ciencianews.in\\\/index.php\\\/2023\\\/01\\\/11\\\/crisis-en-salud-mental-secuela-de-la-pandemia-por-covid-19\\\/\",\"name\":\"Crisis en salud mental, secuela de la pandemia por COVID-19 - Ciencia News -- Ciencia es Futuro\",\"description\":\"AutorDirecci\\u00f3n General de Comunicaci\\u00f3n Social UNAMFecha de publicaci\\u00f3n05 de enero 2023Categor\\u00edaBolet\\u00edn \\u2022 Las sedes UNAM-San Antonio y UNAM-Canad\\u00e1, junto con la Facultad de Psicolog\\u00eda y la CRAI, realizaron el Seminario de Salud Mental\\u2022 Este ejercicio acad\\u00e9mico de colaboraci\\u00f3n internacional cont\\u00f3 con casi tres mil 600 participantes, 84 ponentes y 26 webinars. La pandemia de la\",\"inLanguage\":\"es-ES\",\"isPartOf\":{\"@id\":\"https:\\\/\\\/ciencianews.in\\\/#website\"},\"breadcrumb\":{\"@id\":\"https:\\\/\\\/ciencianews.in\\\/index.php\\\/2023\\\/01\\\/11\\\/crisis-en-salud-mental-secuela-de-la-pandemia-por-covid-19\\\/#breadcrumblist\"},\"author\":{\"@id\":\"https:\\\/\\\/ciencianews.in\\\/index.php\\\/author\\\/src\\\/#author\"},\"creator\":{\"@id\":\"https:\\\/\\\/ciencianews.in\\\/index.php\\\/author\\\/src\\\/#author\"},\"datePublished\":\"2023-01-11T09:00:00-06:00\",\"dateModified\":\"2023-01-10T23:36:02-06:00\"},{\"@type\":\"WebSite\",\"@id\":\"https:\\\/\\\/ciencianews.in\\\/#website\",\"url\":\"https:\\\/\\\/ciencianews.in\\\/\",\"name\":\"Ciencia News -- Ciencia es Futuro\",\"inLanguage\":\"es-ES\",\"publisher\":{\"@id\":\"https:\\\/\\\/ciencianews.in\\\/#organization\"}}]}\n\t\t<\/script>\n\t\t<!-- All in One SEO -->\n\n","aioseo_head_json":{"title":"Crisis en salud mental, secuela de la pandemia por COVID-19 - Ciencia News -- Ciencia es Futuro","description":"AutorDirecci\u00f3n General de Comunicaci\u00f3n Social UNAMFecha de publicaci\u00f3n05 de enero 2023Categor\u00edaBolet\u00edn \u2022 Las sedes UNAM-San Antonio y UNAM-Canad\u00e1, junto con la Facultad de Psicolog\u00eda y la CRAI, realizaron el Seminario de Salud Mental\u2022 Este ejercicio acad\u00e9mico de colaboraci\u00f3n internacional cont\u00f3 con casi tres mil 600 participantes, 84 ponentes y 26 webinars. La pandemia de la","canonical_url":"https:\/\/ciencianews.in\/index.php\/2023\/01\/11\/crisis-en-salud-mental-secuela-de-la-pandemia-por-covid-19\/","robots":"max-image-preview:large","keywords":"","webmasterTools":{"miscellaneous":""},"schema":{"@context":"https:\/\/schema.org","@graph":[{"@type":"BlogPosting","@id":"https:\/\/ciencianews.in\/index.php\/2023\/01\/11\/crisis-en-salud-mental-secuela-de-la-pandemia-por-covid-19\/#blogposting","name":"Crisis en salud mental, secuela de la pandemia por COVID-19 - Ciencia News -- Ciencia es Futuro","headline":"Crisis en salud mental, secuela de la pandemia por COVID-19","author":{"@id":"https:\/\/ciencianews.in\/index.php\/author\/src\/#author"},"publisher":{"@id":"https:\/\/ciencianews.in\/#organization"},"image":{"@type":"ImageObject","url":"https:\/\/ciencianews.in\/wp-content\/uploads\/2022\/05\/ciencianewsin.jpg","@id":"https:\/\/ciencianews.in\/#articleImage","width":1500,"height":351},"datePublished":"2023-01-11T09:00:00-06:00","dateModified":"2023-01-10T23:36:02-06:00","inLanguage":"es-ES","mainEntityOfPage":{"@id":"https:\/\/ciencianews.in\/index.php\/2023\/01\/11\/crisis-en-salud-mental-secuela-de-la-pandemia-por-covid-19\/#webpage"},"isPartOf":{"@id":"https:\/\/ciencianews.in\/index.php\/2023\/01\/11\/crisis-en-salud-mental-secuela-de-la-pandemia-por-covid-19\/#webpage"},"articleSection":"Todas las noticias"},{"@type":"BreadcrumbList","@id":"https:\/\/ciencianews.in\/index.php\/2023\/01\/11\/crisis-en-salud-mental-secuela-de-la-pandemia-por-covid-19\/#breadcrumblist","itemListElement":[{"@type":"ListItem","@id":"https:\/\/ciencianews.in#listItem","position":1,"name":"Home","item":"https:\/\/ciencianews.in","nextItem":{"@type":"ListItem","@id":"https:\/\/ciencianews.in\/index.php\/category\/noticia\/#listItem","name":"Todas las noticias"}},{"@type":"ListItem","@id":"https:\/\/ciencianews.in\/index.php\/category\/noticia\/#listItem","position":2,"name":"Todas las noticias","item":"https:\/\/ciencianews.in\/index.php\/category\/noticia\/","nextItem":{"@type":"ListItem","@id":"https:\/\/ciencianews.in\/index.php\/2023\/01\/11\/crisis-en-salud-mental-secuela-de-la-pandemia-por-covid-19\/#listItem","name":"Crisis en salud mental, secuela de la pandemia por COVID-19"},"previousItem":{"@type":"ListItem","@id":"https:\/\/ciencianews.in#listItem","name":"Home"}},{"@type":"ListItem","@id":"https:\/\/ciencianews.in\/index.php\/2023\/01\/11\/crisis-en-salud-mental-secuela-de-la-pandemia-por-covid-19\/#listItem","position":3,"name":"Crisis en salud mental, secuela de la pandemia por COVID-19","previousItem":{"@type":"ListItem","@id":"https:\/\/ciencianews.in\/index.php\/category\/noticia\/#listItem","name":"Todas las noticias"}}]},{"@type":"Organization","@id":"https:\/\/ciencianews.in\/#organization","name":"Ciencia News","url":"https:\/\/ciencianews.in\/","logo":{"@type":"ImageObject","url":"https:\/\/ciencianews.in\/wp-content\/uploads\/2022\/05\/ciencianewsin.jpg","@id":"https:\/\/ciencianews.in\/index.php\/2023\/01\/11\/crisis-en-salud-mental-secuela-de-la-pandemia-por-covid-19\/#organizationLogo","width":1500,"height":351},"image":{"@id":"https:\/\/ciencianews.in\/index.php\/2023\/01\/11\/crisis-en-salud-mental-secuela-de-la-pandemia-por-covid-19\/#organizationLogo"}},{"@type":"Person","@id":"https:\/\/ciencianews.in\/index.php\/author\/src\/#author","url":"https:\/\/ciencianews.in\/index.php\/author\/src\/","name":"SRC","image":{"@type":"ImageObject","@id":"https:\/\/ciencianews.in\/index.php\/2023\/01\/11\/crisis-en-salud-mental-secuela-de-la-pandemia-por-covid-19\/#authorImage","url":"https:\/\/secure.gravatar.com\/avatar\/624639f71453602f40c1a77a053b2fcbe7460fb55921e8fa2318c5a60eb78cc9?s=96&d=mm&r=g","width":96,"height":96,"caption":"SRC"}},{"@type":"WebPage","@id":"https:\/\/ciencianews.in\/index.php\/2023\/01\/11\/crisis-en-salud-mental-secuela-de-la-pandemia-por-covid-19\/#webpage","url":"https:\/\/ciencianews.in\/index.php\/2023\/01\/11\/crisis-en-salud-mental-secuela-de-la-pandemia-por-covid-19\/","name":"Crisis en salud mental, secuela de la pandemia por COVID-19 - Ciencia News -- Ciencia es Futuro","description":"AutorDirecci\u00f3n General de Comunicaci\u00f3n Social UNAMFecha de publicaci\u00f3n05 de enero 2023Categor\u00edaBolet\u00edn \u2022 Las sedes UNAM-San Antonio y UNAM-Canad\u00e1, junto con la Facultad de Psicolog\u00eda y la CRAI, realizaron el Seminario de Salud Mental\u2022 Este ejercicio acad\u00e9mico de colaboraci\u00f3n internacional cont\u00f3 con casi tres mil 600 participantes, 84 ponentes y 26 webinars. La pandemia de la","inLanguage":"es-ES","isPartOf":{"@id":"https:\/\/ciencianews.in\/#website"},"breadcrumb":{"@id":"https:\/\/ciencianews.in\/index.php\/2023\/01\/11\/crisis-en-salud-mental-secuela-de-la-pandemia-por-covid-19\/#breadcrumblist"},"author":{"@id":"https:\/\/ciencianews.in\/index.php\/author\/src\/#author"},"creator":{"@id":"https:\/\/ciencianews.in\/index.php\/author\/src\/#author"},"datePublished":"2023-01-11T09:00:00-06:00","dateModified":"2023-01-10T23:36:02-06:00"},{"@type":"WebSite","@id":"https:\/\/ciencianews.in\/#website","url":"https:\/\/ciencianews.in\/","name":"Ciencia News -- Ciencia es Futuro","inLanguage":"es-ES","publisher":{"@id":"https:\/\/ciencianews.in\/#organization"}}]},"og:locale":"es_ES","og:site_name":"Ciencia News -- Ciencia es Futuro -","og:type":"article","og:title":"Crisis en salud mental, secuela de la pandemia por COVID-19 - Ciencia News -- Ciencia es Futuro","og:description":"AutorDirecci\u00f3n General de Comunicaci\u00f3n Social UNAMFecha de publicaci\u00f3n05 de enero 2023Categor\u00edaBolet\u00edn \u2022 Las sedes UNAM-San Antonio y UNAM-Canad\u00e1, junto con la Facultad de Psicolog\u00eda y la CRAI, realizaron el Seminario de Salud Mental\u2022 Este ejercicio acad\u00e9mico de colaboraci\u00f3n internacional cont\u00f3 con casi tres mil 600 participantes, 84 ponentes y 26 webinars. La pandemia de la","og:url":"https:\/\/ciencianews.in\/index.php\/2023\/01\/11\/crisis-en-salud-mental-secuela-de-la-pandemia-por-covid-19\/","og:image":"https:\/\/ciencianews.in\/wp-content\/uploads\/2022\/05\/ciencianewsin.jpg","og:image:secure_url":"https:\/\/ciencianews.in\/wp-content\/uploads\/2022\/05\/ciencianewsin.jpg","article:published_time":"2023-01-11T15:00:00+00:00","article:modified_time":"2023-01-11T05:36:02+00:00","twitter:card":"summary","twitter:title":"Crisis en salud mental, secuela de la pandemia por COVID-19 - Ciencia News -- Ciencia es Futuro","twitter:description":"AutorDirecci\u00f3n General de Comunicaci\u00f3n Social UNAMFecha de publicaci\u00f3n05 de enero 2023Categor\u00edaBolet\u00edn \u2022 Las sedes UNAM-San Antonio y UNAM-Canad\u00e1, junto con la Facultad de Psicolog\u00eda y la CRAI, realizaron el Seminario de Salud Mental\u2022 Este ejercicio acad\u00e9mico de colaboraci\u00f3n internacional cont\u00f3 con casi tres mil 600 participantes, 84 ponentes y 26 webinars. La pandemia de la","twitter:image":"https:\/\/ciencianews.in\/wp-content\/uploads\/2022\/05\/ciencianewsin.jpg"},"aioseo_meta_data":{"post_id":"923","title":null,"description":null,"keywords":[],"keyphrases":{"focus":{"keyphrase":"","score":0,"analysis":{"keyphraseInTitle":{"score":0,"maxScore":9,"error":1}}},"additional":[]},"primary_term":null,"canonical_url":null,"og_title":null,"og_description":null,"og_object_type":"default","og_image_type":"default","og_image_url":null,"og_image_width":null,"og_image_height":null,"og_image_custom_url":null,"og_image_custom_fields":null,"og_video":"","og_custom_url":null,"og_article_section":null,"og_article_tags":[],"twitter_use_og":false,"twitter_card":"default","twitter_image_type":"default","twitter_image_url":null,"twitter_image_custom_url":null,"twitter_image_custom_fields":null,"twitter_title":null,"twitter_description":null,"schema":{"blockGraphs":[],"customGraphs":[],"default":{"data":{"Article":[],"Course":[],"Dataset":[],"FAQPage":[],"Movie":[],"Person":[],"Product":[],"ProductReview":[],"Car":[],"Recipe":[],"Service":[],"SoftwareApplication":[],"WebPage":[]},"graphName":"BlogPosting","isEnabled":true},"graphs":[]},"schema_type":"default","schema_type_options":null,"pillar_content":false,"robots_default":true,"robots_noindex":false,"robots_noarchive":false,"robots_nosnippet":false,"robots_nofollow":false,"robots_noimageindex":false,"robots_noodp":false,"robots_notranslate":false,"robots_max_snippet":"-1","robots_max_videopreview":"-1","robots_max_imagepreview":"large","priority":null,"frequency":"default","local_seo":null,"breadcrumb_settings":null,"limit_modified_date":false,"ai":null,"created":"2023-01-11 05:36:02","updated":"2025-08-29 21:54:57","seo_analyzer_scan_date":null,"focus_keyword":null,"additional_keywords":null,"truseo_locale":null},"aioseo_breadcrumb":"<div class=\"aioseo-breadcrumbs\"><span class=\"aioseo-breadcrumb\">\n\t\t\t<a href=\"https:\/\/ciencianews.in\" title=\"Home\">Home<\/a>\n\t\t<\/span><span class=\"aioseo-breadcrumb-separator\">&raquo;<\/span><span class=\"aioseo-breadcrumb\">\n\t\t\t<a href=\"https:\/\/ciencianews.in\/index.php\/category\/noticia\/\" title=\"Todas las noticias\">Todas las noticias<\/a>\n\t\t<\/span><span class=\"aioseo-breadcrumb-separator\">&raquo;<\/span><span class=\"aioseo-breadcrumb\">\n\t\t\t<strong>Crisis en salud mental, secuela de la pandemia por COVID-19<\/strong>\n\t\t<\/span><\/div>","aioseo_breadcrumb_json":[{"label":"Home","link":"https:\/\/ciencianews.in"},{"label":"Todas las noticias","link":"https:\/\/ciencianews.in\/index.php\/category\/noticia\/"},{"label":"<strong>Crisis en salud mental, secuela de la pandemia por COVID-19<\/strong>","link":"https:\/\/ciencianews.in\/index.php\/2023\/01\/11\/crisis-en-salud-mental-secuela-de-la-pandemia-por-covid-19\/"}],"_links":{"self":[{"href":"https:\/\/ciencianews.in\/index.php\/wp-json\/wp\/v2\/posts\/923","targetHints":{"allow":["GET"]}}],"collection":[{"href":"https:\/\/ciencianews.in\/index.php\/wp-json\/wp\/v2\/posts"}],"about":[{"href":"https:\/\/ciencianews.in\/index.php\/wp-json\/wp\/v2\/types\/post"}],"author":[{"embeddable":true,"href":"https:\/\/ciencianews.in\/index.php\/wp-json\/wp\/v2\/users\/2"}],"replies":[{"embeddable":true,"href":"https:\/\/ciencianews.in\/index.php\/wp-json\/wp\/v2\/comments?post=923"}],"version-history":[{"count":1,"href":"https:\/\/ciencianews.in\/index.php\/wp-json\/wp\/v2\/posts\/923\/revisions"}],"predecessor-version":[{"id":924,"href":"https:\/\/ciencianews.in\/index.php\/wp-json\/wp\/v2\/posts\/923\/revisions\/924"}],"wp:attachment":[{"href":"https:\/\/ciencianews.in\/index.php\/wp-json\/wp\/v2\/media?parent=923"}],"wp:term":[{"taxonomy":"category","embeddable":true,"href":"https:\/\/ciencianews.in\/index.php\/wp-json\/wp\/v2\/categories?post=923"},{"taxonomy":"post_tag","embeddable":true,"href":"https:\/\/ciencianews.in\/index.php\/wp-json\/wp\/v2\/tags?post=923"}],"curies":[{"name":"wp","href":"https:\/\/api.w.org\/{rel}","templated":true}]}}