{"id":975,"date":"2023-02-08T09:00:00","date_gmt":"2023-02-08T15:00:00","guid":{"rendered":"https:\/\/ciencianews.in\/?p=975"},"modified":"2023-02-08T00:03:16","modified_gmt":"2023-02-08T06:03:16","slug":"se-registra-sensible-incremento-de-polen-en-la-atmosfera-de-la-ciudad-de-mexico","status":"publish","type":"post","link":"https:\/\/ciencianews.in\/index.php\/2023\/02\/08\/se-registra-sensible-incremento-de-polen-en-la-atmosfera-de-la-ciudad-de-mexico\/","title":{"rendered":"<strong>Se registra sensible incremento de polen en la atm\u00f3sfera de la Ciudad de M\u00e9xico<\/strong>"},"content":{"rendered":"\n<p><strong>Autor<br><\/strong>Direcci\u00f3n General de Comunicaci\u00f3n Social UNAM &nbsp;<br><strong>Fecha de publicaci\u00f3n<br><\/strong>07 de febrero 2023<br><strong>Categor\u00eda<br><\/strong>Bolet\u00edn<\/p>\n\n\n\n<p><em>\u2022 Mar\u00eda del Carmen Calder\u00f3n dijo que entre los m\u00e1s comunes est\u00e1n los que provienen de fresnos, jun\u00edperos, encinos y variedad de pinos; no todos causan alergias<\/em><em><br>\u2022 El alerg\u00f3logo Guillermo Guidos refiri\u00f3 que, en personas susceptibles, esos granos producen polinosis, un padecimiento multifactorial<br>\u2022 En el largo plazo podr\u00eda variar su presencia por circunstancias atmosf\u00e9ricas o clim\u00e1ticas: Benjam\u00edn Mart\u00ednez L\u00f3pez.<\/em><\/p>\n\n\n\n<p>Aunque en la atm\u00f3sfera de la Ciudad de M\u00e9xico (CDMX) circulan alrededor de 50 tipos de polen, s\u00f3lo algunos granos son alerg\u00e9nicos, es decir, tienen caracter\u00edsticas en su composici\u00f3n (prote\u00ednas) que en personas susceptibles provocan s\u00edntomas. La polinosis o enfermedad al\u00e9rgica afecta -en algunas latitudes- entre 15 y 25 por ciento de la poblaci\u00f3n; en nuestro pa\u00eds, sobre todo en la capital, las cifras coinciden, afirmaron expertos.<\/p>\n\n\n\n<p><a href=\"https:\/\/www.dgcs.unam.mx\/boletin\/bdboletin\/multimedia\/WAV230101\/090(1).jpg\"><\/a>En la conferencia de prensa a distancia Contaminaci\u00f3n por polen \u00bfC\u00f3mo nos est\u00e1 afectando?, la coordinadora de la Red Mexicana de Aerobiolog\u00eda (REMA), con sede en el Instituto de Ciencias de la Atm\u00f3sfera y Cambio Clim\u00e1tico (ICAyCC) de la UNAM, Mar\u00eda del Carmen Calder\u00f3n Ezquerro, expres\u00f3: en el presente invierno se increment\u00f3 la presencia de p\u00f3lenes con respecto a enero del a\u00f1o pasado; por ejemplo, en la zona de Chapultepec aument\u00f3 casi 100 por ciento, y 40 por ciento en Coyoac\u00e1n.<em><\/em><\/p>\n\n\n\n<p>Sin embargo, aclar\u00f3, esos granos no se concentran en los sitios donde hay m\u00e1s vegetaci\u00f3n, como Ciudad Universitaria o Cuajimalpa, porque el viento los lleva de un lugar a otro, y no s\u00f3lo dentro de la Ciudad de M\u00e9xico, sino a las entidades vecinas.<\/p>\n\n\n\n<p>Entre los p\u00f3lenes m\u00e1s comunes se encuentran los de fresnos, tuyas, jun\u00edperos, encinos y distintos tipos de pinos, as\u00ed como eucaliptos. Pero no todos causan alergias, puntualiz\u00f3 la cient\u00edfica.<\/p>\n\n\n\n<p>El que s\u00ed provoca s\u00edntomas es el del fresno, que ocupa entre 50 y 55 por ciento de los que se encuentran en el aire; empero, cada a\u00f1o aparecen especies con mayor concentraci\u00f3n porque hay \u00e1rboles bianuales, como los encinos. Estos \u00faltimos a partir de mayo comienzan a disminuir, \u201cpero vendr\u00e1n otros, como los de los pastos\u201d.<\/p>\n\n\n\n<p>Tambi\u00e9n subray\u00f3 que los p\u00f3lenes de \u00e1rboles como los fresnos, aumentan su concentraci\u00f3n en la atm\u00f3sfera entre el mediod\u00eda y las cinco o seis de la tarde; en la ma\u00f1ana y la noche disminuyen un poco, pero eso depende del tipo pol\u00ednico del que se trate.<\/p>\n\n\n\n<p>Calder\u00f3n Ezquerro sugiri\u00f3 a los encargados de la reforestaci\u00f3n en la capital de la Rep\u00fablica Mexicana que, entre los factores que toman en cuenta para desarrollar sus tareas, se considere el de alergenicidad. \u201cNo se trata de quitar los fresnos o encinos, sino de cambiar unas especies por otras\u201d.<\/p>\n\n\n\n<p>Asimismo, consider\u00f3 que la concentraci\u00f3n de p\u00f3lenes a\u00fan no se incluye dentro de los criterios de calidad del aire. Por ese motivo, se ha establecido comunicaci\u00f3n con la Secretar\u00eda del Medio Ambiente de la capital, a fin de que ese par\u00e1metro se considere en los avisos e \u00edndices que proporcionan a la ciudadan\u00eda.<\/p>\n\n\n\n<p>La universitaria explic\u00f3 que la REMA realiza un monitoreo para mostrar los principales tipos pol\u00ednicos y sus niveles de concentraci\u00f3n presentes en el aire durante del a\u00f1o, mediante cinco estaciones ubicadas en la CDMX y su \u00e1rea conurbada, as\u00ed como una en los estados de Sonora, y Sinaloa.&nbsp; Pr\u00f3ximamente se reanudar\u00e1n actividades en otras estaciones de la CDMX y el Estado de M\u00e9xico, las cuales se detuvieron por la emergencia sanitaria. La informaci\u00f3n puede consultarse en la p\u00e1gina de la Red, a trav\u00e9s del sitio web del ICAyCC.<\/p>\n\n\n\n<p>Al hacer uso de la palabra, Guillermo Guidos, alerg\u00f3logo asociado a la REMA, explic\u00f3 que cuando algunos p\u00f3lenes viajan y las personas susceptibles los respiran, se presentan afectaciones directas en su calidad de vida; es decir, se produce polinosis, antes llamada \u201cfiebre del heno\u201d o \u201calergia primaveral\u201d, un padecimiento multifactorial.<\/p>\n\n\n\n<p>Sus principales s\u00edntomas son la conjuntivitis, caracterizada por ojos rojos, comez\u00f3n, lagrimeo e inflamaci\u00f3n; o bien, afectaciones en v\u00edas respiratorias, mediante comez\u00f3n en la nariz, estornudos frecuentes, secreci\u00f3n nasal u obstrucci\u00f3n y, en algunas personas, asma (falta de aire, sensaci\u00f3n de ahogo o pecho que silba).<\/p>\n\n\n\n<p>Aunque numerosos pacientes tienen la mayor cantidad de s\u00edntomas en invierno y primavera, no se debe olvidar que los p\u00f3lenes est\u00e1n presentes durante el a\u00f1o, aunque sea de diferentes especies. Por eso es fundamental la tarea de la REMA, donde cada d\u00eda se se\u00f1ala qu\u00e9 sustancias est\u00e1n en el ambiente y cu\u00e1l es su impacto en la salud.<\/p>\n\n\n\n<p>\u201cEs una herramienta valiosa porque nos explica qu\u00e9 tan variables son las concentraciones pol\u00ednicas en diferentes \u00e1reas geogr\u00e1ficas\u201d; asimismo, los diferentes granos alerg\u00e9nicos presentes y permite estudiar la eficacia de los tratamientos. \u201cComo m\u00e9dicos, podemos tenerlo como insumo y dar recomendaciones a los pacientes\u201d.<\/p>\n\n\n\n<p>El especialista mencion\u00f3 que la mayor\u00eda de quienes generan susceptibilidad es durante los periodos de la infancia y la adolescencia; no obstante, las alergias pueden ocurrir en diferentes momentos de la vida, en la adultez, pero son menos frecuentes, apunt\u00f3 Guidos.<\/p>\n\n\n\n<p>Para las personas sensibles resultan \u00fatiles algunas recomendaciones, como mantener cerradas las ventanas durante el d\u00eda y utilizar medios de protecci\u00f3n, por ejemplo, cubrebocas de alta eficiencia, ya que los granos se quedan atrapados en las fibras de las mascarillas.<\/p>\n\n\n\n<p>Si ya fue diagnosticado puede utilizar medicamentos, recetados por un especialista de la salud, preferentemente un alerg\u00f3logo certificado; el tratamiento y las recomendaciones deben ser individualizados, recalc\u00f3 Guillermo Guidos.<\/p>\n\n\n\n<p>El investigador del Grupo Cambio Clim\u00e1tico y Radiaci\u00f3n Solar del ICAyCC, Benjam\u00edn Mart\u00ednez L\u00f3pez, manifest\u00f3 que el viento es el medio de transporte para el polen que emiten fuentes puntuales en ciertas regiones del Valle de M\u00e9xico. En general, en esta parte del pa\u00eds, la circulaci\u00f3n del viento dominante va de las zonas altas a las bajas por la tarde-noche, y aproximadamente al mediod\u00eda el aire se mueve de las partes con menor altitud hacia las monta\u00f1as.<\/p>\n\n\n\n<p>Se requieren modelos num\u00e9ricos que simulen la parte atmosf\u00e9rica (vientos, temperatura, precipitaciones) y que en sincron\u00eda indiquen c\u00f3mo se mueve el polen que se emite de ciertas fuentes puntuales, porque es informaci\u00f3n muy importante para la poblaci\u00f3n, abund\u00f3.<\/p>\n\n\n\n<p>El experto dijo que cuando hay lluvia se \u201clava\u201d la atm\u00f3sfera y eso resulta positivo; en cambio, si no se registran precipitaciones pluviales se pueden presentar repercusiones en el ciclo de desarrollo de los \u00e1rboles, pastos y plantas.<\/p>\n\n\n\n<p>En el largo plazo podr\u00eda haber variaciones de la presencia de polen debido a eventos atmosf\u00e9ricos o clim\u00e1ticos, que pueden conjugarse para que disminuya, o se incremente su presencia como ocurri\u00f3 en el invierno de 2009-2010.&nbsp;<\/p>\n\n\n\n<p>Reconoci\u00f3 que es complicado realizar un pron\u00f3stico de las condiciones de sequ\u00eda en el pa\u00eds para los pr\u00f3ximos meses; se requiere contar con un sistema de pron\u00f3stico estacional que sea suficientemente certero para ayudar a efectuar predicciones de polen en escalas de tiempo m\u00e1s largas<br>&#8212;&#8212;&#8212;&#8212;&#8212;&#8212;&#8212;&#8212;&#8212;&#8212;&#8212;&#8212;&#8212;&#8212;&#8212;&#8212;&#8212;&#8212;&#8212;-<br>Contacto: <a href=\"mailto:samcarbajalreportera@gmail.com\">samcarbajalreportera@gmail.com<\/a><\/p>\n","protected":false},"excerpt":{"rendered":"<p>AutorDirecci\u00f3n General de Comunicaci\u00f3n Social UNAM &nbsp;Fecha de publicaci\u00f3n07 de febrero 2023Categor\u00edaBolet\u00edn \u2022 Mar\u00eda del Carmen Calder\u00f3n dijo que entre los m\u00e1s comunes est\u00e1n los que provienen de fresnos, jun\u00edperos, encinos y variedad de pinos; no todos causan alergias\u2022 El alerg\u00f3logo Guillermo Guidos refiri\u00f3 que, en personas susceptibles, esos granos producen polinosis, un padecimiento multifactorial\u2022 [&hellip;]<\/p>\n","protected":false},"author":2,"featured_media":0,"comment_status":"open","ping_status":"open","sticky":false,"template":"","format":"standard","meta":{"om_disable_all_campaigns":false,"_monsterinsights_skip_tracking":false,"_monsterinsights_sitenote_active":false,"_monsterinsights_sitenote_note":"","_monsterinsights_sitenote_category":0,"footnotes":""},"categories":[1],"tags":[],"class_list":["post-975","post","type-post","status-publish","format-standard","hentry","category-noticia"],"aioseo_notices":[],"_links":{"self":[{"href":"https:\/\/ciencianews.in\/index.php\/wp-json\/wp\/v2\/posts\/975","targetHints":{"allow":["GET"]}}],"collection":[{"href":"https:\/\/ciencianews.in\/index.php\/wp-json\/wp\/v2\/posts"}],"about":[{"href":"https:\/\/ciencianews.in\/index.php\/wp-json\/wp\/v2\/types\/post"}],"author":[{"embeddable":true,"href":"https:\/\/ciencianews.in\/index.php\/wp-json\/wp\/v2\/users\/2"}],"replies":[{"embeddable":true,"href":"https:\/\/ciencianews.in\/index.php\/wp-json\/wp\/v2\/comments?post=975"}],"version-history":[{"count":2,"href":"https:\/\/ciencianews.in\/index.php\/wp-json\/wp\/v2\/posts\/975\/revisions"}],"predecessor-version":[{"id":977,"href":"https:\/\/ciencianews.in\/index.php\/wp-json\/wp\/v2\/posts\/975\/revisions\/977"}],"wp:attachment":[{"href":"https:\/\/ciencianews.in\/index.php\/wp-json\/wp\/v2\/media?parent=975"}],"wp:term":[{"taxonomy":"category","embeddable":true,"href":"https:\/\/ciencianews.in\/index.php\/wp-json\/wp\/v2\/categories?post=975"},{"taxonomy":"post_tag","embeddable":true,"href":"https:\/\/ciencianews.in\/index.php\/wp-json\/wp\/v2\/tags?post=975"}],"curies":[{"name":"wp","href":"https:\/\/api.w.org\/{rel}","templated":true}]}}